{"id":168920,"date":"2020-05-12T08:31:52","date_gmt":"2020-05-12T11:31:52","guid":{"rendered":"https:\/\/www.caririemacao.com\/1\/?p=168920"},"modified":"2020-05-12T08:31:52","modified_gmt":"2020-05-12T11:31:52","slug":"lockdown-no-modelo-europeu-nao-funciona-no-brasil-admite-joao-azevedo","status":"publish","type":"post","link":"https:\/\/www.caririemacao.com\/1\/2020\/05\/12\/lockdown-no-modelo-europeu-nao-funciona-no-brasil-admite-joao-azevedo\/","title":{"rendered":"Lockdown no \u2018modelo europeu\u2019 n\u00e3o funciona no Brasil, admite Jo\u00e3o Azev\u00eado"},"content":{"rendered":"\n<h3 class=\"wp-block-heading\"><\/h3>\n\n\n\n<hr class=\"wp-block-separator\"\/>\n\n\n\n<p>A poss\u00edvel implanta\u00e7\u00e3o do \u2018lockdown\u2019 em regi\u00f5es do Brasil com colapso sanit\u00e1rio iminente esbarra na discord\u00e2ncia de tratamento \u00e0 pandemia da Covid-19 com a inst\u00e2ncia federal, segundo o governador Jo\u00e3o Azev\u00eado (Cidadania). \u00c0 CNN Brasil, ele disse que o trabalho conjunto \u00e9 prejudicado pela posi\u00e7\u00e3o da Presid\u00eancia da Rep\u00fablica.<\/p>\n\n\n\n<p>\u201cSabemos que o \u2018lockdown\u2019 nos moldes do que foi implantado em v\u00e1rias partes da Europa n\u00e3o funciona no Brasil porque a\u00ed seria necess\u00e1rio envolver for\u00e7as militares: Ex\u00e9rcito, Policia Militar, toda uma estrutura que fizesse que esse bloqueio total seria poss\u00edvel. Sabemos que em fun\u00e7\u00e3o das posi\u00e7\u00f5es da Presid\u00eancia da Rep\u00fablica, de alguns que defendem que flexibilizem a economia, n\u00e3o vai ser poss\u00edvel\u201d, disse.<\/p>\n\n\n\n<p>No entanto, ele admitiu o endurecimento do isolamento na Para\u00edba: \u201cDefendo um isolamento cada vez mais r\u00edgido se houver necessidade. Na Para\u00edba, se essas condi\u00e7\u00f5es que citei forem reduzindo, vamos endurecer, n\u00e3o tem jeito\u201d.<\/p>\n\n\n\n<p>A previs\u00e3o do Governo do Estado \u00e9 que a Para\u00edba atinja 3 mil casos de Covid-19 em cinco dias, disse Jo\u00e3o Azev\u00eado.<\/p>\n\n\n\n<p>\u201cA Para\u00edba levou 42 dias para atingir mil casos, com oito dias passamos para 2 mil casos. Na nossa proje\u00e7\u00e3o, com cinco dias vamos atingir 3 mil casos e claro que voc\u00ea vai aumentando os casos, aumenta o n\u00famero \u00f3bitos. Seria imprud\u00eancia pensar em flexibilizar\u201d, pontuou.<\/p>\n","protected":false},"excerpt":{"rendered":"<p>A poss\u00edvel implanta\u00e7\u00e3o do \u2018lockdown\u2019 em regi\u00f5es do Brasil com colapso sanit\u00e1rio iminente esbarra na discord\u00e2ncia de tratamento \u00e0 pandemia da Covid-19 com a inst\u00e2ncia&hellip; <\/p>\n","protected":false},"author":2,"featured_media":168921,"comment_status":"closed","ping_status":"closed","sticky":false,"template":"","format":"standard","meta":{"sfsi_plus_gutenberg_text_before_share":"","sfsi_plus_gutenberg_show_text_before_share":"","sfsi_plus_gutenberg_icon_type":"","sfsi_plus_gutenberg_icon_alignemt":"","sfsi_plus_gutenburg_max_per_row":"","footnotes":""},"categories":[11],"tags":[],"class_list":["post-168920","post","type-post","status-publish","format-standard","has-post-thumbnail","hentry","category-politica"],"_links":{"self":[{"href":"https:\/\/www.caririemacao.com\/1\/wp-json\/wp\/v2\/posts\/168920","targetHints":{"allow":["GET"]}}],"collection":[{"href":"https:\/\/www.caririemacao.com\/1\/wp-json\/wp\/v2\/posts"}],"about":[{"href":"https:\/\/www.caririemacao.com\/1\/wp-json\/wp\/v2\/types\/post"}],"author":[{"embeddable":true,"href":"https:\/\/www.caririemacao.com\/1\/wp-json\/wp\/v2\/users\/2"}],"replies":[{"embeddable":true,"href":"https:\/\/www.caririemacao.com\/1\/wp-json\/wp\/v2\/comments?post=168920"}],"version-history":[{"count":1,"href":"https:\/\/www.caririemacao.com\/1\/wp-json\/wp\/v2\/posts\/168920\/revisions"}],"predecessor-version":[{"id":168922,"href":"https:\/\/www.caririemacao.com\/1\/wp-json\/wp\/v2\/posts\/168920\/revisions\/168922"}],"wp:featuredmedia":[{"embeddable":true,"href":"https:\/\/www.caririemacao.com\/1\/wp-json\/wp\/v2\/media\/168921"}],"wp:attachment":[{"href":"https:\/\/www.caririemacao.com\/1\/wp-json\/wp\/v2\/media?parent=168920"}],"wp:term":[{"taxonomy":"category","embeddable":true,"href":"https:\/\/www.caririemacao.com\/1\/wp-json\/wp\/v2\/categories?post=168920"},{"taxonomy":"post_tag","embeddable":true,"href":"https:\/\/www.caririemacao.com\/1\/wp-json\/wp\/v2\/tags?post=168920"}],"curies":[{"name":"wp","href":"https:\/\/api.w.org\/{rel}","templated":true}]}}