{"id":168931,"date":"2020-05-12T08:40:47","date_gmt":"2020-05-12T11:40:47","guid":{"rendered":"https:\/\/www.caririemacao.com\/1\/?p=168931"},"modified":"2020-05-12T08:40:47","modified_gmt":"2020-05-12T11:40:47","slug":"motociclista-morre-em-grave-colisao-entre-moto-e-carreta-na-br-230","status":"publish","type":"post","link":"https:\/\/www.caririemacao.com\/1\/2020\/05\/12\/motociclista-morre-em-grave-colisao-entre-moto-e-carreta-na-br-230\/","title":{"rendered":"Motociclista morre em grave colis\u00e3o entre moto e carreta na BR-230"},"content":{"rendered":"\n<h1 class=\"wp-block-heading\"><\/h1>\n\n\n\n<p>A v\u00edtima identificada apenas como Geraldo, vinha em sua motocicleta de cor amarela, quando colide violentamente com uma carreta.<\/p>\n\n\n\n<p>Equipe do Servi\u00e7o de Atendimento M\u00f3vel de Urg\u00eancia (SAMU), foi acionado por\u00e9m s\u00f3 pode confirmar o \u00f3bito do motociclista.<\/p>\n\n\n\n<p>O corpo ser\u00e1 encaminhado para o NUMOL, onde ser\u00e1 realizado o exame cadav\u00e9rico.<\/p>\n","protected":false},"excerpt":{"rendered":"<p>A v\u00edtima identificada apenas como Geraldo, vinha em sua motocicleta de cor amarela, quando colide violentamente com uma carreta. Equipe do Servi\u00e7o de Atendimento M\u00f3vel&hellip; <\/p>\n","protected":false},"author":2,"featured_media":168932,"comment_status":"closed","ping_status":"closed","sticky":false,"template":"","format":"standard","meta":{"sfsi_plus_gutenberg_text_before_share":"","sfsi_plus_gutenberg_show_text_before_share":"","sfsi_plus_gutenberg_icon_type":"","sfsi_plus_gutenberg_icon_alignemt":"","sfsi_plus_gutenburg_max_per_row":"","footnotes":""},"categories":[2],"tags":[],"class_list":["post-168931","post","type-post","status-publish","format-standard","has-post-thumbnail","hentry","category-geral"],"_links":{"self":[{"href":"https:\/\/www.caririemacao.com\/1\/wp-json\/wp\/v2\/posts\/168931","targetHints":{"allow":["GET"]}}],"collection":[{"href":"https:\/\/www.caririemacao.com\/1\/wp-json\/wp\/v2\/posts"}],"about":[{"href":"https:\/\/www.caririemacao.com\/1\/wp-json\/wp\/v2\/types\/post"}],"author":[{"embeddable":true,"href":"https:\/\/www.caririemacao.com\/1\/wp-json\/wp\/v2\/users\/2"}],"replies":[{"embeddable":true,"href":"https:\/\/www.caririemacao.com\/1\/wp-json\/wp\/v2\/comments?post=168931"}],"version-history":[{"count":1,"href":"https:\/\/www.caririemacao.com\/1\/wp-json\/wp\/v2\/posts\/168931\/revisions"}],"predecessor-version":[{"id":168933,"href":"https:\/\/www.caririemacao.com\/1\/wp-json\/wp\/v2\/posts\/168931\/revisions\/168933"}],"wp:featuredmedia":[{"embeddable":true,"href":"https:\/\/www.caririemacao.com\/1\/wp-json\/wp\/v2\/media\/168932"}],"wp:attachment":[{"href":"https:\/\/www.caririemacao.com\/1\/wp-json\/wp\/v2\/media?parent=168931"}],"wp:term":[{"taxonomy":"category","embeddable":true,"href":"https:\/\/www.caririemacao.com\/1\/wp-json\/wp\/v2\/categories?post=168931"},{"taxonomy":"post_tag","embeddable":true,"href":"https:\/\/www.caririemacao.com\/1\/wp-json\/wp\/v2\/tags?post=168931"}],"curies":[{"name":"wp","href":"https:\/\/api.w.org\/{rel}","templated":true}]}}