{"id":168935,"date":"2020-05-12T08:43:26","date_gmt":"2020-05-12T11:43:26","guid":{"rendered":"https:\/\/www.caririemacao.com\/1\/?p=168935"},"modified":"2020-05-12T08:43:26","modified_gmt":"2020-05-12T11:43:26","slug":"veneziano-vital-assume-lideranca-do-psb-no-senado","status":"publish","type":"post","link":"https:\/\/www.caririemacao.com\/1\/2020\/05\/12\/veneziano-vital-assume-lideranca-do-psb-no-senado\/","title":{"rendered":"Veneziano Vital assume lideran\u00e7a do PSB no Senado"},"content":{"rendered":"\n<h1 class=\"wp-block-heading\"><\/h1>\n\n\n\n<p>O Senador Veneziano Vital do R\u00eago (PSB-PB), ap\u00f3s ser escolhido L\u00edder do Bloco Parlamentar \u201cSenado Independente\u201d (integrado pelos partidos PSB, PDT, REDE, Cidadania), agora tem mais uma miss\u00e3o pela frente, assumindo a Lideran\u00e7a do PSB no Senado.<\/p>\n\n\n\n<p>Veneziano assume a lideran\u00e7a no lugar da senadora Leila do Vol\u00eai (PSB-DF), num rod\u00edzio natural do partido. Na \u00faltima semana, j\u00e1 na nova fun\u00e7\u00e3o, ele exerceu a lideran\u00e7a, encaminhando vota\u00e7\u00f5es. O Senador paraibano diz que est\u00e1 honrado em assumir a lideran\u00e7a, embora num momento t\u00e3o adverso, com a pandemia do Covid-19.<\/p>\n\n\n\n<p>Por\u00e9m, ele lembra que, mesmo com a pandemia, o Senado Federal tem cumprido o seu papel, atrav\u00e9s da realiza\u00e7\u00e3o de sess\u00f5es remotas, aprovando mat\u00e9rias que gerem benef\u00edcios \u00e0s popula\u00e7\u00e3o e facilitem a\u00e7\u00f5es de combate \u00e0 pandemia e de socorro a quem mais est\u00e1 sofrendo com as medidas adotadas para combate \u00e0 Covid-19 em todo o pa\u00eds.<\/p>\n\n\n\n<p>\u201cContinuarei dando o melhor de mim, em defesa dos paraibanos, do Nordeste e do nosso Brasil. Nossa miss\u00e3o \u00e9 lutar por justi\u00e7a social, em detrimento dos que defendem pol\u00edticas m\u00ednimas em benef\u00edcio dos que mais precisam\u201d, afirmou o novo L\u00edder do PSB.<\/p>\n","protected":false},"excerpt":{"rendered":"<p>O Senador Veneziano Vital do R\u00eago (PSB-PB), ap\u00f3s ser escolhido L\u00edder do Bloco Parlamentar \u201cSenado Independente\u201d (integrado pelos partidos PSB, PDT, REDE, Cidadania), agora tem&hellip; <\/p>\n","protected":false},"author":2,"featured_media":168936,"comment_status":"closed","ping_status":"closed","sticky":false,"template":"","format":"standard","meta":{"sfsi_plus_gutenberg_text_before_share":"","sfsi_plus_gutenberg_show_text_before_share":"","sfsi_plus_gutenberg_icon_type":"","sfsi_plus_gutenberg_icon_alignemt":"","sfsi_plus_gutenburg_max_per_row":"","footnotes":""},"categories":[2],"tags":[],"class_list":["post-168935","post","type-post","status-publish","format-standard","has-post-thumbnail","hentry","category-geral"],"_links":{"self":[{"href":"https:\/\/www.caririemacao.com\/1\/wp-json\/wp\/v2\/posts\/168935","targetHints":{"allow":["GET"]}}],"collection":[{"href":"https:\/\/www.caririemacao.com\/1\/wp-json\/wp\/v2\/posts"}],"about":[{"href":"https:\/\/www.caririemacao.com\/1\/wp-json\/wp\/v2\/types\/post"}],"author":[{"embeddable":true,"href":"https:\/\/www.caririemacao.com\/1\/wp-json\/wp\/v2\/users\/2"}],"replies":[{"embeddable":true,"href":"https:\/\/www.caririemacao.com\/1\/wp-json\/wp\/v2\/comments?post=168935"}],"version-history":[{"count":1,"href":"https:\/\/www.caririemacao.com\/1\/wp-json\/wp\/v2\/posts\/168935\/revisions"}],"predecessor-version":[{"id":168937,"href":"https:\/\/www.caririemacao.com\/1\/wp-json\/wp\/v2\/posts\/168935\/revisions\/168937"}],"wp:featuredmedia":[{"embeddable":true,"href":"https:\/\/www.caririemacao.com\/1\/wp-json\/wp\/v2\/media\/168936"}],"wp:attachment":[{"href":"https:\/\/www.caririemacao.com\/1\/wp-json\/wp\/v2\/media?parent=168935"}],"wp:term":[{"taxonomy":"category","embeddable":true,"href":"https:\/\/www.caririemacao.com\/1\/wp-json\/wp\/v2\/categories?post=168935"},{"taxonomy":"post_tag","embeddable":true,"href":"https:\/\/www.caririemacao.com\/1\/wp-json\/wp\/v2\/tags?post=168935"}],"curies":[{"name":"wp","href":"https:\/\/api.w.org\/{rel}","templated":true}]}}