{"id":168943,"date":"2020-05-12T08:50:13","date_gmt":"2020-05-12T11:50:13","guid":{"rendered":"https:\/\/www.caririemacao.com\/1\/?p=168943"},"modified":"2020-05-12T08:50:13","modified_gmt":"2020-05-12T11:50:13","slug":"mec-anuncia-datas-de-inscricao-do-sisu-prouni-e-fies","status":"publish","type":"post","link":"https:\/\/www.caririemacao.com\/1\/2020\/05\/12\/mec-anuncia-datas-de-inscricao-do-sisu-prouni-e-fies\/","title":{"rendered":"MEC anuncia datas de inscri\u00e7\u00e3o do Sisu, ProUni e Fies"},"content":{"rendered":"\n<h2 class=\"wp-block-heading\"><\/h2>\n\n\n\n<p>O ministro da Educa\u00e7\u00e3o, Abraham Weintraub, anunciou hoje (11) no Twitter as datas de inscri\u00e7\u00e3o nos processos seletivos do segundo semestre de 2020 que utilizam o Exame Nacional do Ensino M\u00e9dio (Enem) como forma de ingresso no ensino superior.&nbsp;<\/p>\n\n\n\n<p>As inscri\u00e7\u00f5es para o Sistema de Sele\u00e7\u00e3o Unificada (Sisu) poder\u00e3o ser feitas entre 16 e 19 de junho. O Sisu seleciona estudantes para vagas em institui\u00e7\u00f5es p\u00fablicas de ensino superior em todo o pa\u00eds.&nbsp;<\/p>\n\n\n\n<p>J\u00e1 as inscri\u00e7\u00f5es para o Programa Universidade para Todos (ProUni) ser\u00e3o de 23 a 26 de junho. O programa seleciona estudantes para bolsas em institui\u00e7\u00f5es privadas de ensino superior. As bolsas variam de acordo com a renda dos candidatos e podem ser parciais, de 50% da mensalidade, ou integrais, de 100%.&nbsp;<\/p>\n\n\n\n<p>Para o Fundo de Financiamento Estudantil (Fies), as inscri\u00e7\u00f5es ser\u00e3o de 30 de junho a 3 de julho. O Fies oferece financiamento a condi\u00e7\u00f5es mais favor\u00e1veis que as de mercado para que estudantes paguem cursos em institui\u00e7\u00f5es privadas de ensino superior.&nbsp;<\/p>\n\n\n\n<p>Em todos esses processos seletivos, o candidato pode usar&nbsp;a nota do Enem 2019. Ao todo, cerca de&nbsp;<a href=\"https:\/\/agenciabrasil.ebc.com.br\/educacao\/noticia\/2019-11\/enem-12-milhao-de-inscritos-faltaram-376-foram-eliminados\" target=\"_blank\" rel=\"noreferrer noopener\">3,9 milh\u00f5es de estudantes fizeram o exame<\/a>&nbsp;no ano passado.<\/p>\n","protected":false},"excerpt":{"rendered":"<p>O ministro da Educa\u00e7\u00e3o, Abraham Weintraub, anunciou hoje (11) no Twitter as datas de inscri\u00e7\u00e3o nos processos seletivos do segundo semestre de 2020 que utilizam&hellip; <\/p>\n","protected":false},"author":2,"featured_media":168944,"comment_status":"closed","ping_status":"closed","sticky":false,"template":"","format":"standard","meta":{"sfsi_plus_gutenberg_text_before_share":"","sfsi_plus_gutenberg_show_text_before_share":"","sfsi_plus_gutenberg_icon_type":"","sfsi_plus_gutenberg_icon_alignemt":"","sfsi_plus_gutenburg_max_per_row":"","footnotes":""},"categories":[2],"tags":[],"class_list":["post-168943","post","type-post","status-publish","format-standard","has-post-thumbnail","hentry","category-geral"],"_links":{"self":[{"href":"https:\/\/www.caririemacao.com\/1\/wp-json\/wp\/v2\/posts\/168943","targetHints":{"allow":["GET"]}}],"collection":[{"href":"https:\/\/www.caririemacao.com\/1\/wp-json\/wp\/v2\/posts"}],"about":[{"href":"https:\/\/www.caririemacao.com\/1\/wp-json\/wp\/v2\/types\/post"}],"author":[{"embeddable":true,"href":"https:\/\/www.caririemacao.com\/1\/wp-json\/wp\/v2\/users\/2"}],"replies":[{"embeddable":true,"href":"https:\/\/www.caririemacao.com\/1\/wp-json\/wp\/v2\/comments?post=168943"}],"version-history":[{"count":1,"href":"https:\/\/www.caririemacao.com\/1\/wp-json\/wp\/v2\/posts\/168943\/revisions"}],"predecessor-version":[{"id":168945,"href":"https:\/\/www.caririemacao.com\/1\/wp-json\/wp\/v2\/posts\/168943\/revisions\/168945"}],"wp:featuredmedia":[{"embeddable":true,"href":"https:\/\/www.caririemacao.com\/1\/wp-json\/wp\/v2\/media\/168944"}],"wp:attachment":[{"href":"https:\/\/www.caririemacao.com\/1\/wp-json\/wp\/v2\/media?parent=168943"}],"wp:term":[{"taxonomy":"category","embeddable":true,"href":"https:\/\/www.caririemacao.com\/1\/wp-json\/wp\/v2\/categories?post=168943"},{"taxonomy":"post_tag","embeddable":true,"href":"https:\/\/www.caririemacao.com\/1\/wp-json\/wp\/v2\/tags?post=168943"}],"curies":[{"name":"wp","href":"https:\/\/api.w.org\/{rel}","templated":true}]}}