{"id":168951,"date":"2020-05-12T08:57:19","date_gmt":"2020-05-12T11:57:19","guid":{"rendered":"https:\/\/www.caririemacao.com\/1\/?p=168951"},"modified":"2020-05-12T08:57:19","modified_gmt":"2020-05-12T11:57:19","slug":"camara-municipal-de-passagem-aprova-aumento-de-salario-dos-vereadores","status":"publish","type":"post","link":"https:\/\/www.caririemacao.com\/1\/2020\/05\/12\/camara-municipal-de-passagem-aprova-aumento-de-salario-dos-vereadores\/","title":{"rendered":"C\u00e2mara Municipal de Passagem aprova aumento de sal\u00e1rio dos vereadores"},"content":{"rendered":"\n<h1 class=\"wp-block-heading\"><\/h1>\n\n\n\n<p>Em plena crise da Pandemia do COVID-19, a C\u00e2mara Municipal de Passagem, que fica na regi\u00e3o metropolitana de Patos e, a 270km da capital Jo\u00e3o Pessoa, aprovou aumento de sal\u00e1rio para os vereadores.<\/p>\n\n\n\n<p>Na sess\u00e3o ordin\u00e1ria do dia&nbsp; 2 de maio de 2020, eles aprovaram seus subs\u00eddios em mais de 33%, dos atuais 4 mil reais passar\u00e3o a receber em janeiro de 2021, 5 mil reais (cinco mil reais)&nbsp; j\u00e1 o presidente da C\u00e2mara&nbsp; o total de 7.500,00 reais ( sete mil e quinhentos reais), enquanto o prefeito que ganha atualmente&nbsp;8 mil reais (oito mil reais) vai receber 12 mil (doze mil reais), um aumento de 50%,&nbsp; caso o Projeto de Lei seja sancionado pelo atual gestor. O vice-prefeito vai ganhar 6 mil reais e os secret\u00e1rios 4 mil reais.&nbsp;<\/p>\n\n\n\n<p>Fazendo uma&nbsp; breve compara\u00e7\u00e3o, o vereador da cidade de Patos-PB, que tem mais de 107 mil habitantes ganha pouco mais de 10 mil (dez mil reais) e pequena Passagem de quase 2.500 habitantes vai ganhar 5 mil (cinco mil reais). Nada mal, proporcionalmente falando.&nbsp;<\/p>\n\n\n\n<p>O fato mais intrigante \u00e9 que a Para\u00edba est\u00e1 enfrentando a Pandemia do Coronav\u00edrus. Em 8 de abril de 2020, A&nbsp; Assembleia Legislativa da Para\u00edba (ALPB) aprovou, em sess\u00e3o extraordin\u00e1ria realizada de forma remota a homologa\u00e7\u00e3o do estado de calamidade p\u00fablica em de 164 munic\u00edpios paraibanos, em decorr\u00eancia da pandemia provocada pelo novo coronav\u00edrus (Covid-19) e o munic\u00edpio de&nbsp; Passagem est\u00e1 inclu\u00eddo na lista.<\/p>\n\n\n\n<p>Portanto, o aumento dos sal\u00e1rios pode at\u00e9 ser LEGAL, entretanto, \u00e9 IMORAL, pelo momento que vivemos. No entanto, cabe \u00e0 popula\u00e7\u00e3o julgar seus representantes no pleito de 2020.&nbsp;<\/p>\n\n\n\n<p>Alguns desavisados v\u00e3o dizer que&nbsp; n\u00e3o foram seus pr\u00f3prios sal\u00e1rios, pois s\u00f3 vai valer a partir de 2021, mas uma simples pergunta deve ser feita aos nove vereadores que aprovaram o Projeto de Lei, quem deles n\u00e3o vai&nbsp; buscar a reelei\u00e7\u00e3o em 2020? E a m\u00e9dia dos que s\u00e3o reeleitos nos munic\u00edpios paraibanos s\u00e3o mais de 50%, portanto, alguns desses ser\u00e3o beneficiados diretos na nova legislatura como aumento salarial.&nbsp;&nbsp;&nbsp;O Blog do Jordan Bezerra enviou mensagens ao presidente da C\u00e2mara Municipal de Passagem, o senhor Lau de Dico, que as visualizou, mas n\u00e3o respondeu.&nbsp;<\/p>\n\n\n\n<p>A esperan\u00e7a da popula\u00e7\u00e3o \u00e9 que o prefeito de Passagem, Magno de B\u00e1, use o bom-senso&nbsp; e vete o projeto.&nbsp;<\/p>\n","protected":false},"excerpt":{"rendered":"<p>Em plena crise da Pandemia do COVID-19, a C\u00e2mara Municipal de Passagem, que fica na regi\u00e3o metropolitana de Patos e, a 270km da capital Jo\u00e3o&hellip; <\/p>\n","protected":false},"author":2,"featured_media":168952,"comment_status":"closed","ping_status":"closed","sticky":false,"template":"","format":"standard","meta":{"sfsi_plus_gutenberg_text_before_share":"","sfsi_plus_gutenberg_show_text_before_share":"","sfsi_plus_gutenberg_icon_type":"","sfsi_plus_gutenberg_icon_alignemt":"","sfsi_plus_gutenburg_max_per_row":"","footnotes":""},"categories":[2],"tags":[],"class_list":["post-168951","post","type-post","status-publish","format-standard","has-post-thumbnail","hentry","category-geral"],"_links":{"self":[{"href":"https:\/\/www.caririemacao.com\/1\/wp-json\/wp\/v2\/posts\/168951","targetHints":{"allow":["GET"]}}],"collection":[{"href":"https:\/\/www.caririemacao.com\/1\/wp-json\/wp\/v2\/posts"}],"about":[{"href":"https:\/\/www.caririemacao.com\/1\/wp-json\/wp\/v2\/types\/post"}],"author":[{"embeddable":true,"href":"https:\/\/www.caririemacao.com\/1\/wp-json\/wp\/v2\/users\/2"}],"replies":[{"embeddable":true,"href":"https:\/\/www.caririemacao.com\/1\/wp-json\/wp\/v2\/comments?post=168951"}],"version-history":[{"count":1,"href":"https:\/\/www.caririemacao.com\/1\/wp-json\/wp\/v2\/posts\/168951\/revisions"}],"predecessor-version":[{"id":168953,"href":"https:\/\/www.caririemacao.com\/1\/wp-json\/wp\/v2\/posts\/168951\/revisions\/168953"}],"wp:featuredmedia":[{"embeddable":true,"href":"https:\/\/www.caririemacao.com\/1\/wp-json\/wp\/v2\/media\/168952"}],"wp:attachment":[{"href":"https:\/\/www.caririemacao.com\/1\/wp-json\/wp\/v2\/media?parent=168951"}],"wp:term":[{"taxonomy":"category","embeddable":true,"href":"https:\/\/www.caririemacao.com\/1\/wp-json\/wp\/v2\/categories?post=168951"},{"taxonomy":"post_tag","embeddable":true,"href":"https:\/\/www.caririemacao.com\/1\/wp-json\/wp\/v2\/tags?post=168951"}],"curies":[{"name":"wp","href":"https:\/\/api.w.org\/{rel}","templated":true}]}}