{"id":168955,"date":"2020-05-12T09:01:11","date_gmt":"2020-05-12T12:01:11","guid":{"rendered":"https:\/\/www.caririemacao.com\/1\/?p=168955"},"modified":"2020-05-12T09:01:11","modified_gmt":"2020-05-12T12:01:11","slug":"governo-da-paraiba-abre-inscricoes-de-processo-seletivo-para-245-medicos","status":"publish","type":"post","link":"https:\/\/www.caririemacao.com\/1\/2020\/05\/12\/governo-da-paraiba-abre-inscricoes-de-processo-seletivo-para-245-medicos\/","title":{"rendered":"Governo da Para\u00edba abre inscri\u00e7\u00f5es de processo seletivo para 245 m\u00e9dicos"},"content":{"rendered":"\n<h1 class=\"wp-block-heading\"><\/h1>\n\n\n\n<p>O Governo do Estado publicou edital de mais um processo seletivo para contrata\u00e7\u00e3o emergencial de 245 m\u00e9dicos, mais cadastro de reserva, para atuar no combate \u00e0 covid-19. O edital est\u00e1 no Di\u00e1rio Oficial do Estado desta ter\u00e7a-feira (12). As inscri\u00e7\u00f5es come\u00e7am j\u00e1 nesta ter\u00e7a e terminam no domingo (17) e podem ser feitas&nbsp;<a href=\"https:\/\/portaldacidadania.pb.gov.br\/ConcursoSelecao\/Governo\/Concurso\/ListaConcurso\">neste link<\/a>.<\/p>\n\n\n\n<p>As 245 vagas est\u00e3o distribu\u00eddas nos munic\u00edpios de Jo\u00e3o Pessoa, Cajazeiras, Campina Grande, Pombal, Patos, Pianc\u00f3, Santa Rita e Sousa. Tamb\u00e9m h\u00e1 cadastro de reserva para as cidades de Guarabira e Princesa Isabel. O sal\u00e1rio base \u00e9 de R$ 1.500 para uma carga hor\u00e1ria semanal de 24 horas, dividida em pelo menos dois plant\u00f5es de 12 horas, e o valor do plant\u00e3o de 12h \u00e9 de R$ 1.800.<\/p>\n\n\n\n<p>Ser\u00e1 aprovada uma quantidade de candidatos duas vezes maior do que o n\u00famero de vagas previstas e eles ser\u00e3o convocados de acordo com a necessidade da Secretaria de Estado da Sa\u00fade e diante do car\u00e1ter da urg\u00eancia da pandemia, podendo ainda, de acordo com a necessidade, serem realocados para outros servi\u00e7os de refer\u00eancia que perten\u00e7am \u00e0 rede estadual de sa\u00fade.<\/p>\n\n\n\n<p>O processo Seletivo Simplificado ter\u00e1 a validade de 90 dias, podendo ser prorrogado por igual per\u00edodo ou enquanto durarem as medidas de preven\u00e7\u00e3o de combate \u00e0 covid-19.<\/p>\n","protected":false},"excerpt":{"rendered":"<p>O Governo do Estado publicou edital de mais um processo seletivo para contrata\u00e7\u00e3o emergencial de 245 m\u00e9dicos, mais cadastro de reserva, para atuar no combate&hellip; <\/p>\n","protected":false},"author":2,"featured_media":168956,"comment_status":"closed","ping_status":"closed","sticky":false,"template":"","format":"standard","meta":{"sfsi_plus_gutenberg_text_before_share":"","sfsi_plus_gutenberg_show_text_before_share":"","sfsi_plus_gutenberg_icon_type":"","sfsi_plus_gutenberg_icon_alignemt":"","sfsi_plus_gutenburg_max_per_row":"","footnotes":""},"categories":[50,11],"tags":[],"class_list":["post-168955","post","type-post","status-publish","format-standard","has-post-thumbnail","hentry","category-destaque","category-politica"],"_links":{"self":[{"href":"https:\/\/www.caririemacao.com\/1\/wp-json\/wp\/v2\/posts\/168955","targetHints":{"allow":["GET"]}}],"collection":[{"href":"https:\/\/www.caririemacao.com\/1\/wp-json\/wp\/v2\/posts"}],"about":[{"href":"https:\/\/www.caririemacao.com\/1\/wp-json\/wp\/v2\/types\/post"}],"author":[{"embeddable":true,"href":"https:\/\/www.caririemacao.com\/1\/wp-json\/wp\/v2\/users\/2"}],"replies":[{"embeddable":true,"href":"https:\/\/www.caririemacao.com\/1\/wp-json\/wp\/v2\/comments?post=168955"}],"version-history":[{"count":1,"href":"https:\/\/www.caririemacao.com\/1\/wp-json\/wp\/v2\/posts\/168955\/revisions"}],"predecessor-version":[{"id":168957,"href":"https:\/\/www.caririemacao.com\/1\/wp-json\/wp\/v2\/posts\/168955\/revisions\/168957"}],"wp:featuredmedia":[{"embeddable":true,"href":"https:\/\/www.caririemacao.com\/1\/wp-json\/wp\/v2\/media\/168956"}],"wp:attachment":[{"href":"https:\/\/www.caririemacao.com\/1\/wp-json\/wp\/v2\/media?parent=168955"}],"wp:term":[{"taxonomy":"category","embeddable":true,"href":"https:\/\/www.caririemacao.com\/1\/wp-json\/wp\/v2\/categories?post=168955"},{"taxonomy":"post_tag","embeddable":true,"href":"https:\/\/www.caririemacao.com\/1\/wp-json\/wp\/v2\/tags?post=168955"}],"curies":[{"name":"wp","href":"https:\/\/api.w.org\/{rel}","templated":true}]}}