{"id":168959,"date":"2020-05-12T09:08:07","date_gmt":"2020-05-12T12:08:07","guid":{"rendered":"https:\/\/www.caririemacao.com\/1\/?p=168959"},"modified":"2020-05-12T09:08:07","modified_gmt":"2020-05-12T12:08:07","slug":"prefeitura-de-sao-jose-dos-cordeiros-inicia-obra-de-pavimentacao-de-rua","status":"publish","type":"post","link":"https:\/\/www.caririemacao.com\/1\/2020\/05\/12\/prefeitura-de-sao-jose-dos-cordeiros-inicia-obra-de-pavimentacao-de-rua\/","title":{"rendered":"Prefeitura de S\u00e3o Jos\u00e9 dos Cordeiros inicia obra de pavimenta\u00e7\u00e3o de rua"},"content":{"rendered":"\n<p>A Prefeitura de S\u00e3o Jos\u00e9 dos Cordeiros, iniciou na segunda-feira 11, a obra de pavimenta\u00e7\u00e3o de mais uma rua no munic\u00edpio. <\/p>\n\n\n\n<p>De acordo com o prefeito, Jefferson Roberto, as demandas da sociedade v\u00e3o aos poucos se tornam realidade. Mas ele e afirma que ainda tem muito a se fazer. <\/p>\n\n\n\n<p>&#8220;Trabalhamos todos os dias para melhorar a qualidade de vida das pessoas, para isso que estamos na pol\u00edtica para fazer o melhor por nossa cidade. Que Deus nos aben\u00e7oe sempre&#8221; concluiu o prefeito, Jefferson Roberto.<\/p>\n","protected":false},"excerpt":{"rendered":"<p>A Prefeitura de S\u00e3o Jos\u00e9 dos Cordeiros, iniciou na segunda-feira 11, a obra de pavimenta\u00e7\u00e3o de mais uma rua no munic\u00edpio. De acordo com o&hellip; <\/p>\n","protected":false},"author":1,"featured_media":168964,"comment_status":"closed","ping_status":"closed","sticky":false,"template":"","format":"standard","meta":{"sfsi_plus_gutenberg_text_before_share":"","sfsi_plus_gutenberg_show_text_before_share":"","sfsi_plus_gutenberg_icon_type":"","sfsi_plus_gutenberg_icon_alignemt":"","sfsi_plus_gutenburg_max_per_row":"","footnotes":""},"categories":[6,50],"tags":[],"class_list":["post-168959","post","type-post","status-publish","format-standard","has-post-thumbnail","hentry","category-cidades","category-destaque"],"_links":{"self":[{"href":"https:\/\/www.caririemacao.com\/1\/wp-json\/wp\/v2\/posts\/168959","targetHints":{"allow":["GET"]}}],"collection":[{"href":"https:\/\/www.caririemacao.com\/1\/wp-json\/wp\/v2\/posts"}],"about":[{"href":"https:\/\/www.caririemacao.com\/1\/wp-json\/wp\/v2\/types\/post"}],"author":[{"embeddable":true,"href":"https:\/\/www.caririemacao.com\/1\/wp-json\/wp\/v2\/users\/1"}],"replies":[{"embeddable":true,"href":"https:\/\/www.caririemacao.com\/1\/wp-json\/wp\/v2\/comments?post=168959"}],"version-history":[{"count":1,"href":"https:\/\/www.caririemacao.com\/1\/wp-json\/wp\/v2\/posts\/168959\/revisions"}],"predecessor-version":[{"id":168966,"href":"https:\/\/www.caririemacao.com\/1\/wp-json\/wp\/v2\/posts\/168959\/revisions\/168966"}],"wp:featuredmedia":[{"embeddable":true,"href":"https:\/\/www.caririemacao.com\/1\/wp-json\/wp\/v2\/media\/168964"}],"wp:attachment":[{"href":"https:\/\/www.caririemacao.com\/1\/wp-json\/wp\/v2\/media?parent=168959"}],"wp:term":[{"taxonomy":"category","embeddable":true,"href":"https:\/\/www.caririemacao.com\/1\/wp-json\/wp\/v2\/categories?post=168959"},{"taxonomy":"post_tag","embeddable":true,"href":"https:\/\/www.caririemacao.com\/1\/wp-json\/wp\/v2\/tags?post=168959"}],"curies":[{"name":"wp","href":"https:\/\/api.w.org\/{rel}","templated":true}]}}