{"id":168960,"date":"2020-05-12T09:02:41","date_gmt":"2020-05-12T12:02:41","guid":{"rendered":"https:\/\/www.caririemacao.com\/1\/?p=168960"},"modified":"2020-05-12T09:02:41","modified_gmt":"2020-05-12T12:02:41","slug":"pesquisadores-da-ufpb-desenvolvem-teste-de-covid-19-mais-rapido-e-barato","status":"publish","type":"post","link":"https:\/\/www.caririemacao.com\/1\/2020\/05\/12\/pesquisadores-da-ufpb-desenvolvem-teste-de-covid-19-mais-rapido-e-barato\/","title":{"rendered":"Pesquisadores da UFPB desenvolvem teste de Covid-19 mais r\u00e1pido e barato"},"content":{"rendered":"\n<h1 class=\"wp-block-heading\"><\/h1>\n\n\n\n<p>Projeto de pesquisa intitulado &#8220;Desenvolvimento de testes point of care eletroqu\u00edmicos para diagn\u00f3stico de Covid-19&#8221;, da Universidade Federal da Para\u00edba (UFPB), testar\u00e1 pacientes com suspeita de Covid-19 por meio de sensores eletroqu\u00edmicos, que permitem diagn\u00f3sticos rapidamente e com custo cerca de cinco vez mais baixo do que os testes de refer\u00eancia utilizados atualmente.&nbsp;<\/p>\n\n\n\n<p>De acordo com o coordenador do projeto, professor Sherlan Lemos, as atividades ainda est\u00e3o em planejamento e a proposta surgiu a partir de m\u00e9todos utilizados para diagnosticar c\u00e2ncer de tireoide.&nbsp;<\/p>\n\n\n\n<p>\u201cA metodologia que empregamos \u00e9 baseada em procedimentos que j\u00e1 v\u00eam sendo testados para diagn\u00f3sticos r\u00e1pidos em outros pa\u00edses. \u00c9 bastante flex\u00edvel, pois pode ser adaptada ao diagn\u00f3stico de outras doen\u00e7as como a Covid-19\u201d, explica o pesquisador.&nbsp;<\/p>\n\n\n\n<p>Segundo Lemos, a diferen\u00e7a da proposta da UFPB \u00e9 o emprego de uma \u201cinstrumenta\u00e7\u00e3o muito mais barata e port\u00e1til \u2013 um sensor eletroqu\u00edmico\u201d. Para o professor, \u201cuma vez validada, a proposta permitir\u00e1 o diagn\u00f3stico a um pre\u00e7o muito mais baixo e com resultado em poucos minutos\u201d.&nbsp;<\/p>\n\n\n\n<p>O objetivo, com a valida\u00e7\u00e3o do projeto, \u00e9 realizar o diagn\u00f3stico de Covid-19 rapidamente. \u201cInclusive em lugares com recursos financeiros e de pessoal mais escassos. Testes point of care espec\u00edficos ir\u00e3o detectar o v\u00edrus SARS-CoV-2 em amostras de soro sangu\u00edneo e saliva baseadas em sensores eletroqu\u00edmicos e instrumenta\u00e7\u00e3o eletroqu\u00edmica port\u00e1til\u201d, afirma Lemos.&nbsp;<\/p>\n\n\n\n<p>O professor da UFPB argumenta que ser\u00e3o desenvolvidos dois testes. O primeiro, baseado no diagn\u00f3stico da doen\u00e7a pela classifica\u00e7\u00e3o da resposta do sensor eletroqu\u00edmico e uma opera\u00e7\u00e3o de intelig\u00eancia artificial que exibir\u00e1 o resultado \u201cpositivo ou negativo\u201d. O segundo, pela determina\u00e7\u00e3o direta e inequ\u00edvoca do v\u00edrus na amostra, com a a\u00e7\u00e3o de um imunossensor constru\u00eddo a partir da rela\u00e7\u00e3o ant\u00edgeno e anticorpo do v\u00edrus SARS-CoV-2.&nbsp;<\/p>\n\n\n\n<p>\u201cUma vez produzidos e v\u00e1lidos, os testes s\u00e3o vi\u00e1veis para produ\u00e7\u00e3o em maior escala. A execu\u00e7\u00e3o deles contribuir\u00e1 diretamente para o monitoramento da pandemia no Estado da Para\u00edba e no pa\u00eds, pois s\u00e3o mais r\u00e1pidos e de menor custo que o m\u00e9todo refer\u00eancia\u201d, almeja Sherlan Lemos.&nbsp;<\/p>\n\n\n\n<p>Conforme dados do pesquisador, o pre\u00e7o de custo (n\u00e3o obrigatoriamente o que pode ser cobrado) de um teste de refer\u00eancia \u00e9 cerca de R$250 e o valor do teste com o sensor pode ficar em torno de R$50. \u201cEsse pre\u00e7o \u00e9 porque adaptaremos na primeira fase do projeto um sensor comercial que j\u00e1 est\u00e1 dispon\u00edvel para o desenvolvimento do teste mais rapidamente. Mas \u00e9 poss\u00edvel produzirmos esse sensor no futuro por um pre\u00e7o mais baixo\u201d, estima o professor.&nbsp;<\/p>\n","protected":false},"excerpt":{"rendered":"<p>Projeto de pesquisa intitulado &#8220;Desenvolvimento de testes point of care eletroqu\u00edmicos para diagn\u00f3stico de Covid-19&#8221;, da Universidade Federal da Para\u00edba (UFPB), testar\u00e1 pacientes com suspeita&hellip; <\/p>\n","protected":false},"author":2,"featured_media":168961,"comment_status":"closed","ping_status":"closed","sticky":false,"template":"","format":"standard","meta":{"sfsi_plus_gutenberg_text_before_share":"","sfsi_plus_gutenberg_show_text_before_share":"","sfsi_plus_gutenberg_icon_type":"","sfsi_plus_gutenberg_icon_alignemt":"","sfsi_plus_gutenburg_max_per_row":"","footnotes":""},"categories":[2],"tags":[],"class_list":["post-168960","post","type-post","status-publish","format-standard","has-post-thumbnail","hentry","category-geral"],"_links":{"self":[{"href":"https:\/\/www.caririemacao.com\/1\/wp-json\/wp\/v2\/posts\/168960","targetHints":{"allow":["GET"]}}],"collection":[{"href":"https:\/\/www.caririemacao.com\/1\/wp-json\/wp\/v2\/posts"}],"about":[{"href":"https:\/\/www.caririemacao.com\/1\/wp-json\/wp\/v2\/types\/post"}],"author":[{"embeddable":true,"href":"https:\/\/www.caririemacao.com\/1\/wp-json\/wp\/v2\/users\/2"}],"replies":[{"embeddable":true,"href":"https:\/\/www.caririemacao.com\/1\/wp-json\/wp\/v2\/comments?post=168960"}],"version-history":[{"count":1,"href":"https:\/\/www.caririemacao.com\/1\/wp-json\/wp\/v2\/posts\/168960\/revisions"}],"predecessor-version":[{"id":168962,"href":"https:\/\/www.caririemacao.com\/1\/wp-json\/wp\/v2\/posts\/168960\/revisions\/168962"}],"wp:featuredmedia":[{"embeddable":true,"href":"https:\/\/www.caririemacao.com\/1\/wp-json\/wp\/v2\/media\/168961"}],"wp:attachment":[{"href":"https:\/\/www.caririemacao.com\/1\/wp-json\/wp\/v2\/media?parent=168960"}],"wp:term":[{"taxonomy":"category","embeddable":true,"href":"https:\/\/www.caririemacao.com\/1\/wp-json\/wp\/v2\/categories?post=168960"},{"taxonomy":"post_tag","embeddable":true,"href":"https:\/\/www.caririemacao.com\/1\/wp-json\/wp\/v2\/tags?post=168960"}],"curies":[{"name":"wp","href":"https:\/\/api.w.org\/{rel}","templated":true}]}}