{"id":168965,"date":"2020-05-12T09:09:51","date_gmt":"2020-05-12T12:09:51","guid":{"rendered":"https:\/\/www.caririemacao.com\/1\/?p=168965"},"modified":"2020-05-12T09:09:51","modified_gmt":"2020-05-12T12:09:51","slug":"bolsonaro-diz-lamentar-cada-morte-por-coronavirus","status":"publish","type":"post","link":"https:\/\/www.caririemacao.com\/1\/2020\/05\/12\/bolsonaro-diz-lamentar-cada-morte-por-coronavirus\/","title":{"rendered":"Bolsonaro diz lamentar &#8216;cada morte&#8217; por coronav\u00edrus"},"content":{"rendered":"\n<h1 class=\"wp-block-heading\"><\/h1>\n\n\n\n<p>Bolsonaro deu a declara\u00e7\u00e3o na portaria do Pal\u00e1cio da Alvorada, resid\u00eancia oficial. O presidente foi questionado se gostaria de se pronunciar sobre a marca de 10 mil mortes no Brasil, registrada no fim de semana. Somente outros 5 pa\u00edses tamb\u00e9m ultrapassaram o n\u00famero.<\/p>\n\n\n\n<p>Segundo o Minist\u00e9rio da Sa\u00fade, at\u00e9 a tarde desta segunda-feira haviam sido registradas no pa\u00eds 11.519 mortes, al\u00e9m de 168.331 casos confirmados.<\/p>\n\n\n\n<p>&#8220;Olha, eu lamento cada morte que ocorre a cada hora. Lamento. Agora, o que n\u00f3s podemos fazer, o que n\u00f3s todos podemos fazer \u00e9 tratar com o devido zelo o recurso p\u00fablico&#8221;, afirmou Bolsonaro.<\/p>\n\n\n\n<p>&#8220;Est\u00e1 tendo den\u00fancia em tudo quanto \u00e9 lugar, gente presa at\u00e9 pela Policia Federal, de desvio. Em vez de fazer a notinha de pesar, que eu acho v\u00e1lido, tudo bem, t\u00e1 certo, tamb\u00e9m sou pesaroso nessas quest\u00f5es, tem que dar exemplo, p\u00f4. Gastar menos&#8221;, acrescentou.<\/p>\n\n\n\n<p>No s\u00e1bado (9), os presidente da C\u00e2mara, Rodrigo Maia, do Senado, Davi Alcolumbre, e do Supremo Tribunal Federal (STF), Dias Toffoli, declararam luto de tr\u00eas dias em raz\u00e3o das 10 mil mortes.<\/p>\n\n\n\n<p>Com a medida, ficaram proibidas celebra\u00e7\u00f5es, comemora\u00e7\u00f5es ou festividades durante esses dias nos poderes Legislativo e Judici\u00e1rio federais.<\/p>\n\n\n\n<p><strong>&#8216;Gripezinha&#8217;<\/strong><\/p>\n\n\n\n<p>Desde que a Organiza\u00e7\u00e3o Mundial de Sa\u00fade (OMS) declarou a pandemia do novo coronav\u00edrus, isto \u00e9, reconheceu que o v\u00edrus se espalhou por v\u00e1rios continentes, Bolsonaro chamou a Covid-19, doen\u00e7a provocada pelo v\u00edrus, de &#8220;gripezinha&#8221; e &#8220;resfriadinho&#8221;. J\u00e1 afirmou tamb\u00e9m que h\u00e1 &#8220;histeria&#8221; sobre o tema.<\/p>\n\n\n\n<p>O presidente tamb\u00e9m j\u00e1 afirmou que os meios de comunica\u00e7\u00e3o espalharam &#8220;pavor&#8221; sobre o coronav\u00edrus.<\/p>\n","protected":false},"excerpt":{"rendered":"<p>Bolsonaro deu a declara\u00e7\u00e3o na portaria do Pal\u00e1cio da Alvorada, resid\u00eancia oficial. O presidente foi questionado se gostaria de se pronunciar sobre a marca de&hellip; <\/p>\n","protected":false},"author":2,"featured_media":168967,"comment_status":"closed","ping_status":"closed","sticky":false,"template":"","format":"standard","meta":{"sfsi_plus_gutenberg_text_before_share":"","sfsi_plus_gutenberg_show_text_before_share":"","sfsi_plus_gutenberg_icon_type":"","sfsi_plus_gutenberg_icon_alignemt":"","sfsi_plus_gutenburg_max_per_row":"","footnotes":""},"categories":[11],"tags":[],"class_list":["post-168965","post","type-post","status-publish","format-standard","has-post-thumbnail","hentry","category-politica"],"_links":{"self":[{"href":"https:\/\/www.caririemacao.com\/1\/wp-json\/wp\/v2\/posts\/168965","targetHints":{"allow":["GET"]}}],"collection":[{"href":"https:\/\/www.caririemacao.com\/1\/wp-json\/wp\/v2\/posts"}],"about":[{"href":"https:\/\/www.caririemacao.com\/1\/wp-json\/wp\/v2\/types\/post"}],"author":[{"embeddable":true,"href":"https:\/\/www.caririemacao.com\/1\/wp-json\/wp\/v2\/users\/2"}],"replies":[{"embeddable":true,"href":"https:\/\/www.caririemacao.com\/1\/wp-json\/wp\/v2\/comments?post=168965"}],"version-history":[{"count":1,"href":"https:\/\/www.caririemacao.com\/1\/wp-json\/wp\/v2\/posts\/168965\/revisions"}],"predecessor-version":[{"id":168968,"href":"https:\/\/www.caririemacao.com\/1\/wp-json\/wp\/v2\/posts\/168965\/revisions\/168968"}],"wp:featuredmedia":[{"embeddable":true,"href":"https:\/\/www.caririemacao.com\/1\/wp-json\/wp\/v2\/media\/168967"}],"wp:attachment":[{"href":"https:\/\/www.caririemacao.com\/1\/wp-json\/wp\/v2\/media?parent=168965"}],"wp:term":[{"taxonomy":"category","embeddable":true,"href":"https:\/\/www.caririemacao.com\/1\/wp-json\/wp\/v2\/categories?post=168965"},{"taxonomy":"post_tag","embeddable":true,"href":"https:\/\/www.caririemacao.com\/1\/wp-json\/wp\/v2\/tags?post=168965"}],"curies":[{"name":"wp","href":"https:\/\/api.w.org\/{rel}","templated":true}]}}