{"id":168973,"date":"2020-05-12T09:18:40","date_gmt":"2020-05-12T12:18:40","guid":{"rendered":"https:\/\/www.caririemacao.com\/1\/?p=168973"},"modified":"2020-05-12T09:18:40","modified_gmt":"2020-05-12T12:18:40","slug":"pm-prende-homem-procurado-por-mandado-de-prisao","status":"publish","type":"post","link":"https:\/\/www.caririemacao.com\/1\/2020\/05\/12\/pm-prende-homem-procurado-por-mandado-de-prisao\/","title":{"rendered":"PM prende homem procurado por mandado de pris\u00e3o"},"content":{"rendered":"\n<p>Por volta das 23h55min do dia 11\/05, a guarni\u00e7\u00e3o da Pol\u00edcia Militar a fazer rondas nas proximidades do matadouro p\u00fablico, realizou uma abordagem em um Sr. de 40 anos de idade. O mesmo estava usando tornozeleira eletr\u00f4nica e informou que o equipamento estava com defeito que era para ter indo a campina grande realizar a troca, mas por falta de condi\u00e7\u00f5es financeiras n\u00e3o foi poss\u00edvel.<\/p>\n\n\n\n<p>A Pol\u00edcia Militar j\u00e1 tinha conhecimento de um mandado de pris\u00e3o contra o acusado, e conduziu o apenado para \u00e0 delegacia de Pol\u00edcia Civil de Monteiro.<\/p>\n","protected":false},"excerpt":{"rendered":"<p>Por volta das 23h55min do dia 11\/05, a guarni\u00e7\u00e3o da Pol\u00edcia Militar a fazer rondas nas proximidades do matadouro p\u00fablico, realizou uma abordagem em um&hellip; <\/p>\n","protected":false},"author":1,"featured_media":156647,"comment_status":"closed","ping_status":"closed","sticky":false,"template":"","format":"standard","meta":{"sfsi_plus_gutenberg_text_before_share":"","sfsi_plus_gutenberg_show_text_before_share":"","sfsi_plus_gutenberg_icon_type":"","sfsi_plus_gutenberg_icon_alignemt":"","sfsi_plus_gutenburg_max_per_row":"","footnotes":""},"categories":[12],"tags":[],"class_list":["post-168973","post","type-post","status-publish","format-standard","has-post-thumbnail","hentry","category-policia"],"_links":{"self":[{"href":"https:\/\/www.caririemacao.com\/1\/wp-json\/wp\/v2\/posts\/168973","targetHints":{"allow":["GET"]}}],"collection":[{"href":"https:\/\/www.caririemacao.com\/1\/wp-json\/wp\/v2\/posts"}],"about":[{"href":"https:\/\/www.caririemacao.com\/1\/wp-json\/wp\/v2\/types\/post"}],"author":[{"embeddable":true,"href":"https:\/\/www.caririemacao.com\/1\/wp-json\/wp\/v2\/users\/1"}],"replies":[{"embeddable":true,"href":"https:\/\/www.caririemacao.com\/1\/wp-json\/wp\/v2\/comments?post=168973"}],"version-history":[{"count":1,"href":"https:\/\/www.caririemacao.com\/1\/wp-json\/wp\/v2\/posts\/168973\/revisions"}],"predecessor-version":[{"id":168974,"href":"https:\/\/www.caririemacao.com\/1\/wp-json\/wp\/v2\/posts\/168973\/revisions\/168974"}],"wp:featuredmedia":[{"embeddable":true,"href":"https:\/\/www.caririemacao.com\/1\/wp-json\/wp\/v2\/media\/156647"}],"wp:attachment":[{"href":"https:\/\/www.caririemacao.com\/1\/wp-json\/wp\/v2\/media?parent=168973"}],"wp:term":[{"taxonomy":"category","embeddable":true,"href":"https:\/\/www.caririemacao.com\/1\/wp-json\/wp\/v2\/categories?post=168973"},{"taxonomy":"post_tag","embeddable":true,"href":"https:\/\/www.caririemacao.com\/1\/wp-json\/wp\/v2\/tags?post=168973"}],"curies":[{"name":"wp","href":"https:\/\/api.w.org\/{rel}","templated":true}]}}