{"id":168975,"date":"2020-05-12T09:20:51","date_gmt":"2020-05-12T12:20:51","guid":{"rendered":"https:\/\/www.caririemacao.com\/1\/?p=168975"},"modified":"2020-05-12T09:20:51","modified_gmt":"2020-05-12T12:20:51","slug":"covid-19-policia-militar-auxilia-equipes-da-saude-em-barreiras-sanitarias-no-cariri","status":"publish","type":"post","link":"https:\/\/www.caririemacao.com\/1\/2020\/05\/12\/covid-19-policia-militar-auxilia-equipes-da-saude-em-barreiras-sanitarias-no-cariri\/","title":{"rendered":"Covid-19: Pol\u00edcia Militar auxilia equipes da sa\u00fade em barreiras sanit\u00e1rias no Cariri"},"content":{"rendered":"\n<p>O trabalho de preven\u00e7\u00e3o \u00e0 Covid-19, doen\u00e7a causada pelo novo coronav\u00edrus, tem sido realizado com muito comprometimento e responsabilidade por todos os colaboradores da sa\u00fade em parceria com as for\u00e7as de seguran\u00e7a p\u00fablica, em todo o estado da Para\u00edba. Com o apoio da Pol\u00edcia Militar (11\u00ba BPM ), barreiras de inspe\u00e7\u00e3o sanit\u00e1ria foram montadas na entrada e sa\u00edda das cidades da regi\u00e3o do Cariri, onde agentes de sa\u00fade realizam um trabalho de monitoramento de condutores e passageiros que trafegam pelos locais para evitar a dissemina\u00e7\u00e3o do novo coronav\u00edrus.<\/p>\n\n\n\n<p>Opera\u00e7\u00f5es integradas entre as for\u00e7as de seguran\u00e7a realizam a\u00e7\u00f5es de fiscaliza\u00e7\u00e3o e repress\u00e3o ao transporte clandestino de passageiros rodovi\u00e1rios na Para\u00edba, com o objetivo de verificar o cumprimento das medidas obrigat\u00f3rias para evitar a expans\u00e3o da covid-19.<\/p>\n\n\n\n<p>A a\u00e7\u00e3o conjunta \u2013 envolvendo o 11\u00ba Batalh\u00e3o de Pol\u00edcia Militar (BPM) sediado em Monteiro-PB, tem como meta, al\u00e9m da fiscaliza\u00e7\u00e3o, segundo decreto estadual n\u00ba 40.217, publicado em Di\u00e1rio Oficial, publicado no dia 02 de mar\u00e7o, auxiliar equipes da sa\u00fade em barreiras sanit\u00e1rias.<\/p>\n\n\n\n<p>De acordo com o Major Adalireno Samaroni, comandante do 11\u00ba BPM, as opera\u00e7\u00f5es t\u00eam transcorrido sem ocorr\u00eancias relevantes. \u201cEsse \u00e9 um trabalho importante porque todos n\u00f3s estamos envolvidos nessa demanda. Colocamos os servi\u00e7os e apoio do efetivo da Corpora\u00e7\u00e3o \u00e0 disposi\u00e7\u00e3o da sa\u00fade, no que for necess\u00e1rio para essa atividade de preven\u00e7\u00e3o.\u201d, explicou o comandante.<\/p>\n\n\n\n<p><em>P\/5<\/em><br>Se\u00e7\u00e3o de Comunica\u00e7\u00e3o Social e Marketing Institucional &#8211; 11\u00ba BPM<\/p>\n","protected":false},"excerpt":{"rendered":"<p>O trabalho de preven\u00e7\u00e3o \u00e0 Covid-19, doen\u00e7a causada pelo novo coronav\u00edrus, tem sido realizado com muito comprometimento e responsabilidade por todos os colaboradores da sa\u00fade&hellip; <\/p>\n","protected":false},"author":1,"featured_media":168976,"comment_status":"closed","ping_status":"closed","sticky":false,"template":"","format":"standard","meta":{"sfsi_plus_gutenberg_text_before_share":"","sfsi_plus_gutenberg_show_text_before_share":"","sfsi_plus_gutenberg_icon_type":"","sfsi_plus_gutenberg_icon_alignemt":"","sfsi_plus_gutenburg_max_per_row":"","footnotes":""},"categories":[12],"tags":[],"class_list":["post-168975","post","type-post","status-publish","format-standard","has-post-thumbnail","hentry","category-policia"],"_links":{"self":[{"href":"https:\/\/www.caririemacao.com\/1\/wp-json\/wp\/v2\/posts\/168975","targetHints":{"allow":["GET"]}}],"collection":[{"href":"https:\/\/www.caririemacao.com\/1\/wp-json\/wp\/v2\/posts"}],"about":[{"href":"https:\/\/www.caririemacao.com\/1\/wp-json\/wp\/v2\/types\/post"}],"author":[{"embeddable":true,"href":"https:\/\/www.caririemacao.com\/1\/wp-json\/wp\/v2\/users\/1"}],"replies":[{"embeddable":true,"href":"https:\/\/www.caririemacao.com\/1\/wp-json\/wp\/v2\/comments?post=168975"}],"version-history":[{"count":1,"href":"https:\/\/www.caririemacao.com\/1\/wp-json\/wp\/v2\/posts\/168975\/revisions"}],"predecessor-version":[{"id":168977,"href":"https:\/\/www.caririemacao.com\/1\/wp-json\/wp\/v2\/posts\/168975\/revisions\/168977"}],"wp:featuredmedia":[{"embeddable":true,"href":"https:\/\/www.caririemacao.com\/1\/wp-json\/wp\/v2\/media\/168976"}],"wp:attachment":[{"href":"https:\/\/www.caririemacao.com\/1\/wp-json\/wp\/v2\/media?parent=168975"}],"wp:term":[{"taxonomy":"category","embeddable":true,"href":"https:\/\/www.caririemacao.com\/1\/wp-json\/wp\/v2\/categories?post=168975"},{"taxonomy":"post_tag","embeddable":true,"href":"https:\/\/www.caririemacao.com\/1\/wp-json\/wp\/v2\/tags?post=168975"}],"curies":[{"name":"wp","href":"https:\/\/api.w.org\/{rel}","templated":true}]}}