{"id":168978,"date":"2020-05-12T09:24:35","date_gmt":"2020-05-12T12:24:35","guid":{"rendered":"https:\/\/www.caririemacao.com\/1\/?p=168978"},"modified":"2020-05-12T09:24:35","modified_gmt":"2020-05-12T12:24:35","slug":"homem-e-preso-por-crime-maria-da-penha-na-zona-rural-de-monteiro","status":"publish","type":"post","link":"https:\/\/www.caririemacao.com\/1\/2020\/05\/12\/homem-e-preso-por-crime-maria-da-penha-na-zona-rural-de-monteiro\/","title":{"rendered":"Homem \u00e9 preso por crime Maria da Penha na zona rural de Monteiro"},"content":{"rendered":"\n<p>Por volta das 01:40min a guarni\u00e7\u00e3o da pol\u00edcia foi acionada via denuncia no COPOM que uma mulher estava sendo agredida pelo seu esposo no S\u00edtio Tamandu\u00e1.<\/p>\n\n\n\n<p>A guarni\u00e7\u00e3o esteve no local e constatou a veracidade do fato o fato, a v\u00edtima de 19 anos de idade relatou que seu esposo de 31 anos de idade, estava bebendo em casa acompanhado do seu cunhado e que ela estava dormindo com seu filho. O acusado por motivos f\u00fateis entrou no quarto nervoso procurando sua carteira e agrediu a v\u00edtima, bem como quebrou uns moveis da casa.<\/p>\n\n\n\n<p>A pol\u00edcia constatou os fatos e conduziu o acusado para a delegacia a fim de serem tomadas as medidas cab\u00edveis.<\/p>\n","protected":false},"excerpt":{"rendered":"<p>Por volta das 01:40min a guarni\u00e7\u00e3o da pol\u00edcia foi acionada via denuncia no COPOM que uma mulher estava sendo agredida pelo seu esposo no S\u00edtio&hellip; <\/p>\n","protected":false},"author":1,"featured_media":164670,"comment_status":"closed","ping_status":"closed","sticky":false,"template":"","format":"standard","meta":{"sfsi_plus_gutenberg_text_before_share":"","sfsi_plus_gutenberg_show_text_before_share":"","sfsi_plus_gutenberg_icon_type":"","sfsi_plus_gutenberg_icon_alignemt":"","sfsi_plus_gutenburg_max_per_row":"","footnotes":""},"categories":[50,12],"tags":[],"class_list":["post-168978","post","type-post","status-publish","format-standard","has-post-thumbnail","hentry","category-destaque","category-policia"],"_links":{"self":[{"href":"https:\/\/www.caririemacao.com\/1\/wp-json\/wp\/v2\/posts\/168978","targetHints":{"allow":["GET"]}}],"collection":[{"href":"https:\/\/www.caririemacao.com\/1\/wp-json\/wp\/v2\/posts"}],"about":[{"href":"https:\/\/www.caririemacao.com\/1\/wp-json\/wp\/v2\/types\/post"}],"author":[{"embeddable":true,"href":"https:\/\/www.caririemacao.com\/1\/wp-json\/wp\/v2\/users\/1"}],"replies":[{"embeddable":true,"href":"https:\/\/www.caririemacao.com\/1\/wp-json\/wp\/v2\/comments?post=168978"}],"version-history":[{"count":1,"href":"https:\/\/www.caririemacao.com\/1\/wp-json\/wp\/v2\/posts\/168978\/revisions"}],"predecessor-version":[{"id":168979,"href":"https:\/\/www.caririemacao.com\/1\/wp-json\/wp\/v2\/posts\/168978\/revisions\/168979"}],"wp:featuredmedia":[{"embeddable":true,"href":"https:\/\/www.caririemacao.com\/1\/wp-json\/wp\/v2\/media\/164670"}],"wp:attachment":[{"href":"https:\/\/www.caririemacao.com\/1\/wp-json\/wp\/v2\/media?parent=168978"}],"wp:term":[{"taxonomy":"category","embeddable":true,"href":"https:\/\/www.caririemacao.com\/1\/wp-json\/wp\/v2\/categories?post=168978"},{"taxonomy":"post_tag","embeddable":true,"href":"https:\/\/www.caririemacao.com\/1\/wp-json\/wp\/v2\/tags?post=168978"}],"curies":[{"name":"wp","href":"https:\/\/api.w.org\/{rel}","templated":true}]}}