{"id":168980,"date":"2020-05-12T09:30:49","date_gmt":"2020-05-12T12:30:49","guid":{"rendered":"https:\/\/www.caririemacao.com\/1\/?p=168980"},"modified":"2020-05-12T09:30:49","modified_gmt":"2020-05-12T12:30:49","slug":"prego-batido-e-ponta-virada-oposicao-em-caraubas-define-chapa-majoritaria-para-as-eleicoes-2020","status":"publish","type":"post","link":"https:\/\/www.caririemacao.com\/1\/2020\/05\/12\/prego-batido-e-ponta-virada-oposicao-em-caraubas-define-chapa-majoritaria-para-as-eleicoes-2020\/","title":{"rendered":"Prego batido e ponta virada. Oposi\u00e7\u00e3o em Cara\u00fabas define chapa majorit\u00e1ria para as elei\u00e7\u00f5es 2020"},"content":{"rendered":"\n<p>Ap\u00f3s uma longa reuni\u00e3o na noite de segunda-feira (11), o grupo de oposi\u00e7\u00e3o, liderado pelo vereador e pr\u00e9-candidato a prefeito Renivan Neves (REDE) definiram Alex Andrade (REDE) como pr\u00e9-candidato a vice-prefeito.<\/p>\n\n\n\n<p>Renivam Neves (REDE) \u00e9 atualmente vereador na cidade de Cara\u00fabas-PB e vem desempenhando um trabalho eficaz na oposi\u00e7\u00e3o, com isso conquistou o posto de l\u00edder do grupo de e vai disputar o comando do executivo municipal com o atual prefeito Silvano Dudu que trocou recentemente ou PSB pelo DEM.<\/p>\n\n\n\n<p>Alex Andrade j\u00e1 foi candidato a vice-prefeito na chapa encabe\u00e7ada pelo ex-prefeito Josete em 2012 e hoje desempenha uma lideran\u00e7a comunit\u00e1ria no distrito de Barreiras.<\/p>\n\n\n\n<p>Com a chapa definida, o grupo promete trabalhar arduamente para conseguir \u00eaxito no pleito eleitoral e consequentemente desenvolver uma administra\u00e7\u00e3o que possibilite o avan\u00e7o e o crescimento da cidade de Cara\u00fabas-PB.<\/p>\n\n\n\n<p>Segundo dados do IBGE Cidades, Cara\u00fabas hoje possui pouco mais de 4 mil habitantes. O eleitorado, de acordo com os dados da \u00faltima elei\u00e7\u00e3o \u00e9 de aproximadamente tr\u00eas mil e novecentos eleitores. A disputa promete ser acirrada.<\/p>\n\n\n\n<p><strong><em>Diogenes Ramos\/ Blog do DidiRamos<\/em><\/strong><\/p>\n","protected":false},"excerpt":{"rendered":"<p>Ap\u00f3s uma longa reuni\u00e3o na noite de segunda-feira (11), o grupo de oposi\u00e7\u00e3o, liderado pelo vereador e pr\u00e9-candidato a prefeito Renivan Neves (REDE) definiram Alex&hellip; <\/p>\n","protected":false},"author":1,"featured_media":168981,"comment_status":"closed","ping_status":"closed","sticky":false,"template":"","format":"standard","meta":{"sfsi_plus_gutenberg_text_before_share":"","sfsi_plus_gutenberg_show_text_before_share":"","sfsi_plus_gutenberg_icon_type":"","sfsi_plus_gutenberg_icon_alignemt":"","sfsi_plus_gutenburg_max_per_row":"","footnotes":""},"categories":[11],"tags":[],"class_list":["post-168980","post","type-post","status-publish","format-standard","has-post-thumbnail","hentry","category-politica"],"_links":{"self":[{"href":"https:\/\/www.caririemacao.com\/1\/wp-json\/wp\/v2\/posts\/168980","targetHints":{"allow":["GET"]}}],"collection":[{"href":"https:\/\/www.caririemacao.com\/1\/wp-json\/wp\/v2\/posts"}],"about":[{"href":"https:\/\/www.caririemacao.com\/1\/wp-json\/wp\/v2\/types\/post"}],"author":[{"embeddable":true,"href":"https:\/\/www.caririemacao.com\/1\/wp-json\/wp\/v2\/users\/1"}],"replies":[{"embeddable":true,"href":"https:\/\/www.caririemacao.com\/1\/wp-json\/wp\/v2\/comments?post=168980"}],"version-history":[{"count":1,"href":"https:\/\/www.caririemacao.com\/1\/wp-json\/wp\/v2\/posts\/168980\/revisions"}],"predecessor-version":[{"id":168982,"href":"https:\/\/www.caririemacao.com\/1\/wp-json\/wp\/v2\/posts\/168980\/revisions\/168982"}],"wp:featuredmedia":[{"embeddable":true,"href":"https:\/\/www.caririemacao.com\/1\/wp-json\/wp\/v2\/media\/168981"}],"wp:attachment":[{"href":"https:\/\/www.caririemacao.com\/1\/wp-json\/wp\/v2\/media?parent=168980"}],"wp:term":[{"taxonomy":"category","embeddable":true,"href":"https:\/\/www.caririemacao.com\/1\/wp-json\/wp\/v2\/categories?post=168980"},{"taxonomy":"post_tag","embeddable":true,"href":"https:\/\/www.caririemacao.com\/1\/wp-json\/wp\/v2\/tags?post=168980"}],"curies":[{"name":"wp","href":"https:\/\/api.w.org\/{rel}","templated":true}]}}