{"id":168983,"date":"2020-05-12T09:44:41","date_gmt":"2020-05-12T12:44:41","guid":{"rendered":"https:\/\/www.caririemacao.com\/1\/?p=168983"},"modified":"2020-05-12T09:44:41","modified_gmt":"2020-05-12T12:44:41","slug":"revoltada-com-proibicao-de-namoro-jovem-envenena-familia-no-para","status":"publish","type":"post","link":"https:\/\/www.caririemacao.com\/1\/2020\/05\/12\/revoltada-com-proibicao-de-namoro-jovem-envenena-familia-no-para\/","title":{"rendered":"Revoltada com proibi\u00e7\u00e3o de namoro, jovem envenena fam\u00edlia no Par\u00e1"},"content":{"rendered":"\n<p>Uma adolescente de 16 anos envenenou a pr\u00f3pria fam\u00edlia, em Santar\u00e9m, no Par\u00e1, no s\u00e1bado (9). De acordo com Simone Leal Gal\u00facio, de 43 anos, m\u00e3e da jovem, ela, os outros tr\u00eas filhos de 7, 10 e 12 anos e um primo de 2 anos da garota tomaram um suco envenenado. As informa\u00e7\u00f5es s\u00e3o do G1.<br>A m\u00e3e conta que a filha insistiu para que ela tomasse a bebida. Em seguida, ela serviu o suco para os filhos e o sobrinho. Depois de um tempo, o marido de Simone foi para casa e percebeu que uma das filhas estava desmaiada.<\/p>\n\n\n\n<p><br>Ele chamou a esposa, que ainda estava acordada, e pediu para que ela pegasse uma bermuda para ele trocar de roupa e levar a crian\u00e7a para o posto m\u00e9dico. No entanto, Simone desmaiou antes de entregar a roupa.<br>O marido dela a levou junto \u00e0s crian\u00e7as para o pronto socorro. Segundo o G1, eles apresentaram v\u00f4mito e n\u00e1useas, e chegaram a ser hidratados com soro antes da transfer\u00eancia para o Hospital Municipal Alberto Tolentino Sotelo, no domingo.<br>A adolescente fugiu de casa, mas horas depois resolveu se entregar no posto policial. Por ser menor de idade, uma tia ficou respons\u00e1vel em lev\u00e1-la para a 16\u00aa Seccional de Pol\u00edcia Civil.<\/p>\n\n\n\n<p><br>No domingo de manh\u00e3, a menor foi conduzida para escuta especializada na Delegacia Especializada da Crian\u00e7a e Adolescente (Deaca). De acordo com os pais, a motiva\u00e7\u00e3o para que a adolescente colocasse veneno na bebida foi a n\u00e3o permiss\u00e3o para que ela namorasse outro adolescente de 17 anos.<\/p>\n\n\n\n<p><br>Segundo o delegado que recebeu o caso, Jair Castro, a jovem vai responder ato infracional an\u00e1logo ao crime de envenenamento por subst\u00e2ncia n\u00e3o aliment\u00edcia, com reclus\u00e3o de at\u00e9 tr\u00eas anos.<\/p>\n\n\n\n<p><br>Da Isto \u00c9<\/p>\n","protected":false},"excerpt":{"rendered":"<p>Uma adolescente de 16 anos envenenou a pr\u00f3pria fam\u00edlia, em Santar\u00e9m, no Par\u00e1, no s\u00e1bado (9). De acordo com Simone Leal Gal\u00facio, de 43 anos,&hellip; <\/p>\n","protected":false},"author":1,"featured_media":168984,"comment_status":"closed","ping_status":"closed","sticky":false,"template":"","format":"standard","meta":{"sfsi_plus_gutenberg_text_before_share":"","sfsi_plus_gutenberg_show_text_before_share":"","sfsi_plus_gutenberg_icon_type":"","sfsi_plus_gutenberg_icon_alignemt":"","sfsi_plus_gutenburg_max_per_row":"","footnotes":""},"categories":[12],"tags":[],"class_list":["post-168983","post","type-post","status-publish","format-standard","has-post-thumbnail","hentry","category-policia"],"_links":{"self":[{"href":"https:\/\/www.caririemacao.com\/1\/wp-json\/wp\/v2\/posts\/168983","targetHints":{"allow":["GET"]}}],"collection":[{"href":"https:\/\/www.caririemacao.com\/1\/wp-json\/wp\/v2\/posts"}],"about":[{"href":"https:\/\/www.caririemacao.com\/1\/wp-json\/wp\/v2\/types\/post"}],"author":[{"embeddable":true,"href":"https:\/\/www.caririemacao.com\/1\/wp-json\/wp\/v2\/users\/1"}],"replies":[{"embeddable":true,"href":"https:\/\/www.caririemacao.com\/1\/wp-json\/wp\/v2\/comments?post=168983"}],"version-history":[{"count":1,"href":"https:\/\/www.caririemacao.com\/1\/wp-json\/wp\/v2\/posts\/168983\/revisions"}],"predecessor-version":[{"id":168985,"href":"https:\/\/www.caririemacao.com\/1\/wp-json\/wp\/v2\/posts\/168983\/revisions\/168985"}],"wp:featuredmedia":[{"embeddable":true,"href":"https:\/\/www.caririemacao.com\/1\/wp-json\/wp\/v2\/media\/168984"}],"wp:attachment":[{"href":"https:\/\/www.caririemacao.com\/1\/wp-json\/wp\/v2\/media?parent=168983"}],"wp:term":[{"taxonomy":"category","embeddable":true,"href":"https:\/\/www.caririemacao.com\/1\/wp-json\/wp\/v2\/categories?post=168983"},{"taxonomy":"post_tag","embeddable":true,"href":"https:\/\/www.caririemacao.com\/1\/wp-json\/wp\/v2\/tags?post=168983"}],"curies":[{"name":"wp","href":"https:\/\/api.w.org\/{rel}","templated":true}]}}