{"id":168986,"date":"2020-05-12T11:28:23","date_gmt":"2020-05-12T14:28:23","guid":{"rendered":"https:\/\/www.caririemacao.com\/1\/?p=168986"},"modified":"2020-05-12T11:28:23","modified_gmt":"2020-05-12T14:28:23","slug":"estamos-enterrando-mais-de-75-por-dia-diz-coveiro-de-cemiterio-de-sp-que-recebe-vitimas-de-covid-19","status":"publish","type":"post","link":"https:\/\/www.caririemacao.com\/1\/2020\/05\/12\/estamos-enterrando-mais-de-75-por-dia-diz-coveiro-de-cemiterio-de-sp-que-recebe-vitimas-de-covid-19\/","title":{"rendered":"&#8216;Estamos enterrando mais de 75 por dia&#8217;, diz coveiro de cemit\u00e9rio de SP que recebe v\u00edtimas de Covid-19"},"content":{"rendered":"\n<p>Eles n\u00e3o gostam de serem chamados de coveiros, mas, sim, de sepultadores. S\u00e3o os profissionais contratados pela Prefeitura de S\u00e3o Paulo, servidores que enterram os mortos nos cemit\u00e9rios p\u00fablicos municipais. Apesar de terem ingressado no cargo por concurso p\u00fablico, eles se sentem desvalorizados pela profiss\u00e3o que escolheram, em especial, em tempos de pandemia de coronav\u00edrus, que j\u00e1 deixou\u00a0mais de 3,7 mil mortos no estado\u00a0e 11 mil no pa\u00eds.<\/p>\n\n\n\n<p>Na capital paulista, um dos cemit\u00e9rios municipais que mais recebe v\u00edtimas de Covid-19 \u00e9 o da Vila Formosa, na Zona Leste da capital, o maior cemit\u00e9rio da Am\u00e9rica Latina. No terreno foram abertas 8 mil valas e foi designado, pela Prefeitura da capital, como o &#8220;centro de log\u00edstica para os mortos por coronav\u00edrus&#8221;.<\/p>\n\n\n\n<p>O local ficou conhecido internacionalmente ap\u00f3s\u00a0estampar a capa do jornal norte-americano &#8220;Washington Post&#8221; com uma imagem a\u00e9rea que mostrava uma imensid\u00e3o\u00a0de covas abertas e, em 30 dias depois, todas ocupadas e fechadas.<\/p>\n\n\n\n<p>S\u00f3 em abril deste ano, o n\u00famero de enterros subiu 18% na cidade de S\u00e3o Paulo, em compara\u00e7\u00e3o com\u00a0o mesmo per\u00edodo de 2019: foram enterrados no m\u00eas 6.171 pessoas, segundo o Servi\u00e7o Funer\u00e1rio, da Prefeitura. S\u00f3 no\u00a0Vila Formosa enterradas 1.654 pessoas\u00a0em abril.<\/p>\n\n\n\n<p>A reportagem do&nbsp;<strong>G1<\/strong>&nbsp;conversou com alguns dos 30 sepultadores da unidade, que pediram para n\u00e3o ser identificados.<\/p>\n\n\n\n<p>Segundo eles, apesar de tomarem todos os cuidados para evitarem a contamina\u00e7\u00e3o pelo v\u00edrus, o medo est\u00e1 presente no trabalho no dia a dia.<\/p>\n\n\n\n<blockquote class=\"wp-block-quote is-layout-flow wp-block-quote-is-layout-flow\"><p>&#8220;Estamos enterrando mais de 75, 80 pessoas por dia, v\u00edtimas de coronav\u00edrus a maioria. Antes disso tudo, eram entre 20 e 30 enterros, no m\u00e1ximo. Come\u00e7amos cedo, antes das 7h, e vamos at\u00e9 as 19h, 20h, se precisar. Trabalho n\u00e3o para nunca&#8221;, diz Jo\u00e3o (nome fict\u00edcio), um sepultador do Vila Formosa, que tem 44 anos e h\u00e1 22 atua como servidor municipal nesta carreira.<\/p><\/blockquote>\n\n\n\n<figure class=\"wp-block-image\"><img decoding=\"async\" data-src=\"https:\/\/s2.glbimg.com\/hWIoBZ04wTd2VLJaV6Xy8dGMz6Q=\/0x0:1700x1065\/984x0\/smart\/filters:strip_icc()\/i.s3.glbimg.com\/v1\/AUTH_59edd422c0c84a879bd37670ae4f538a\/internal_photos\/bs\/2020\/4\/o\/oqPUwfTTAM8BtR7QK1ZA\/enterros-sp.jpg\" alt=\"Imagem a\u00e9rea dia 30 de abril mostra covas abertas no cemit\u00e9rio de Vila Formosa, na Zona Leste de SP \u2014 Foto: Andre Penner\/AP\" src=\"data:image\/svg+xml;base64,PHN2ZyB3aWR0aD0iMSIgaGVpZ2h0PSIxIiB4bWxucz0iaHR0cDovL3d3dy53My5vcmcvMjAwMC9zdmciPjwvc3ZnPg==\" class=\"lazyload\" \/><\/figure>\n\n\n\n<p>Imagem a\u00e9rea dia 30 de abril mostra covas abertas no cemit\u00e9rio de Vila Formosa, na Zona Leste de SP \u2014 Foto: Andre Penner\/AP<\/p>\n\n\n\n<blockquote class=\"wp-block-quote is-layout-flow wp-block-quote-is-layout-flow\"><p>&#8220;Tomamos todos os cuidados, mas nem sempre temos equipamentos de prote\u00e7\u00e3o para todo mundo. EPI (Equipamento de Prote\u00e7\u00e3o Individual) est\u00e1 escasso. M\u00e1scara, n\u00e3o tem sempre. Luva, eu mesmo comprei uma caixa de luvas pl\u00e1sticas descart\u00e1veis e uso as minhas. Gastei R$ 100 do meu pr\u00f3prio bolso para me proteger e proteger minha fam\u00edlia&#8221;, diz o profissional.<\/p><\/blockquote>\n\n\n\n<p>Para ser sepultador municipal, \u00e9 necess\u00e1rio prestar concurso p\u00fablico, sendo necess\u00e1rio ter, ao m\u00ednimo, ensino fundamental. A prova tem 50 quest\u00f5es, incluindo matem\u00e1tica, portugu\u00eas e conhecimentos gerais, como hist\u00f3ria e geografia. Jo\u00e3o disse ter escolhido a profiss\u00e3o quando, desempregado e jovem, iria se casar e buscava estabilidade financeira, j\u00e1 que, como concursado, n\u00e3o pode ser demitido.<\/p>\n\n\n\n<p>O sal\u00e1rio inicial da carreira varia de R$ 775 a R$ 1.100, podendo chegar at\u00e9 R$ 1.500. Jo\u00e3o Batista, diretor do Sindicato dos Servidores Municipais de S\u00e3o Paulo (Sindesp), reclama, por\u00e9m, que a Prefeitura realizou um contrato emergencial para contratar uma empresa com mais 200 sepultadores durante a pandemia, devido \u00e0 falta de funcion\u00e1rios, e pagando R$ 1.700 para os terceirizados, mais do que os pr\u00f3prios servidores recebem.<\/p>\n\n\n\n<figure class=\"wp-block-image\"><img decoding=\"async\" data-src=\"https:\/\/s2.glbimg.com\/TNywmK1kIQv42Vbn7KT8MFA8DAk=\/0x0:1499x2000\/984x0\/smart\/filters:strip_icc()\/i.s3.glbimg.com\/v1\/AUTH_59edd422c0c84a879bd37670ae4f538a\/internal_photos\/bs\/2020\/b\/m\/uFfnHmT3WHa5GnYJcz2A\/ap20122490376112-b.jpg\" alt=\"30 dias de estampar a capa do jornal americano Washington Post, as sepulturas abertas no Cemit\u00e9rio da Vila Formosa foram quase todas ocupadas. \u2014 Foto: Andre Penner\/AP\" src=\"data:image\/svg+xml;base64,PHN2ZyB3aWR0aD0iMSIgaGVpZ2h0PSIxIiB4bWxucz0iaHR0cDovL3d3dy53My5vcmcvMjAwMC9zdmciPjwvc3ZnPg==\" class=\"lazyload\" \/><\/figure>\n\n\n\n<p>30 dias de estampar a capa do jornal americano Washington Post, as sepulturas abertas no Cemit\u00e9rio da Vila Formosa foram quase todas ocupadas. \u2014 Foto: Andre Penner\/AP<\/p>\n\n\n\n<blockquote class=\"wp-block-quote is-layout-flow wp-block-quote-is-layout-flow\"><p>&#8220;Eu gosto da minha profiss\u00e3o, pena que n\u00e3o \u00e9 valorizada. Todos n\u00f3s aqui gostamos, mas \u00e9 muito complicado, nos sentimos intimidados neste momento em que todos precisam da gente. Se falo no que trabalho para algu\u00e9m, me olham de forma estranha, receosa&#8221;, diz Manuel, outro coveiro do Vila Formosa, que tamb\u00e9m pediu para n\u00e3o ser identificado pelo nome verdadeiro.<\/p><\/blockquote>\n\n\n\n<p>A cidade de S\u00e3o Paulo, segundo o Sindesp, tem cerca de 200 sepultadores, sendo que o necess\u00e1rio seriam no m\u00ednimo 350. O \u00faltimo concurso municipal para a categoria foi em 2011 e, desde ent\u00e3o, muitos se aposentaram na carreira.<\/p>\n\n\n\n<p>Em m\u00e9dia, h\u00e1 5 sepultadores por cemit\u00e9rio; alguns maiores, como o Vila Formosa, possuem maior n\u00famero de profissionais, que se revezam no servi\u00e7o.<\/p>\n\n\n\n<p>&#8220;Os cemit\u00e9rios municipais s\u00e3o divididos em jazigos, que s\u00e3o os t\u00famulos, e os de jardins, onde se enterra mais o pov\u00e3o. Os maiores de jardins s\u00e3o o Perus, o Cachoeirinha e o Vila Formosa (que s\u00e3o dois l\u00e1 dentro, o Vila Formosa 1 o Vila Formosa 2). No cemit\u00e9rio, o trabalho \u00e9 de um dia abrir cova, no outro, fechar. E tamb\u00e9m tem os dias de exuma\u00e7\u00e3o&#8221;, explica Jo\u00e3o, diretor do sindicato da categoria.<\/p>\n\n\n\n<figure class=\"wp-block-image\"><img decoding=\"async\" data-src=\"https:\/\/s2.glbimg.com\/WoqXgBch7fA9GFvAUu9iQBXS3i8=\/0x0:667x333\/984x0\/smart\/filters:strip_icc()\/i.s3.glbimg.com\/v1\/AUTH_59edd422c0c84a879bd37670ae4f538a\/internal_photos\/bs\/2020\/2\/i\/1BT3fiRDmsSW65yZvlow\/cemiterio2.jpg\" alt=\"Sepultadores cavam covas no cemit\u00e9rio Vila Formosa \u2014 Foto: Sindesp\/divulga\u00e7\u00e3o\" src=\"data:image\/svg+xml;base64,PHN2ZyB3aWR0aD0iMSIgaGVpZ2h0PSIxIiB4bWxucz0iaHR0cDovL3d3dy53My5vcmcvMjAwMC9zdmciPjwvc3ZnPg==\" class=\"lazyload\" \/><\/figure>\n\n\n\n<p>Sepultadores cavam covas no cemit\u00e9rio Vila Formosa \u2014 Foto: Sindesp\/divulga\u00e7\u00e3o<\/p>\n\n\n\n<p>&#8220;O sal\u00e1rio destes profissionais est\u00e1 congelado faz tempo, n\u00e3o temos reajuste e ainda se sentem desvalorizados. S\u00e3o trabalhadores essenciais, que saem de suas casas todos os dias e se colocam em risco, e os deputados e senadores nem olham pra eles. Queremos que isso mude&#8221;, diz o diretor sindical.<\/p>\n\n\n\n<h2 class=\"wp-block-heading\">Medo<\/h2>\n\n\n\n<p>Jo\u00e3o, que \u00e9 sepultador h\u00e1 mais de 20 anos, tem dois filhos, um casal, de 15 e 10 anos. Ao&nbsp;<strong>G1<\/strong>, ele relatou ter medo de contaminar os filhos com a doen\u00e7a e que, por isso, tenta de todas as formas prevenir.<\/p>\n\n\n\n<blockquote class=\"wp-block-quote is-layout-flow wp-block-quote-is-layout-flow\"><p>&#8220;Eu tomo banho aqui no cemit\u00e9rio, antes de sair, e tamb\u00e9m tomo outro banho assim que chego em casa. Tiro toda a roupa na lavanderia assim que chego em casa e deixo l\u00e1. Mesmo assim, estamos na linha de frente, estamos expostos. \u00c9 um trabalho cansativo, que fica pior com essa situa\u00e7\u00e3o&#8221;, diz o sepultador.<\/p><\/blockquote>\n\n\n\n<figure class=\"wp-block-image\"><img decoding=\"async\" data-src=\"https:\/\/s2.glbimg.com\/82lSze-eblfbKzqMSUaZREylnGM=\/0x0:769x434\/984x0\/smart\/filters:strip_icc()\/i.s3.glbimg.com\/v1\/AUTH_59edd422c0c84a879bd37670ae4f538a\/internal_photos\/bs\/2020\/r\/a\/gHpDV1TwiDxg7KMQLWng\/covas.png\" alt=\"Sepultamento \u00e9 feito por coveiros com roupas de prote\u00e7\u00e3o no cemit\u00e9rio da Vila Formosa, Zona Leste de SP \u2014 Foto: Reprodu\u00e7\u00e3o\/TV Globo\" src=\"data:image\/svg+xml;base64,PHN2ZyB3aWR0aD0iMSIgaGVpZ2h0PSIxIiB4bWxucz0iaHR0cDovL3d3dy53My5vcmcvMjAwMC9zdmciPjwvc3ZnPg==\" class=\"lazyload\" \/><\/figure>\n\n\n\n<p>Sepultamento \u00e9 feito por coveiros com roupas de prote\u00e7\u00e3o no cemit\u00e9rio da Vila Formosa, Zona Leste de SP \u2014 Foto: Reprodu\u00e7\u00e3o\/TV Globo<\/p>\n\n\n\n<h2 class=\"wp-block-heading\">Plano de Conting\u00eancia<\/h2>\n\n\n\n<p>Com o aumento no n\u00famero de mortes na capital, em decorr\u00eancia da pandemia de coronav\u00edrus, a administra\u00e7\u00e3o municipal aumentou a capacidade de enterros e elaborou um Plano de Conting\u00eancia do Servi\u00e7o Funer\u00e1rio.<\/p>\n\n\n\n<p>S\u00e3o Paulo abriu 13 mil novas valas e comprou novas c\u00e2meras refrigeradas que podem armazenar temporariamente at\u00e9 mil corpos por dia para atender o crescente n\u00famero de mortes provocadas pela pandemia de coronav\u00edrus. As 13 mil valas foram abertas nos cemit\u00e9rios: Vila Formosa (cerca de 8 mil), Vila Nova Cachoeirinha (cerca de 2 mil), S\u00e3o Lu\u00eds (cerca de 3 mil).<\/p>\n\n\n\n<p>A capacidade de enterros foi ampliada para 400 por dia. A m\u00e9dia hist\u00f3rica di\u00e1ria de sepultamentos \u00e9 de cerca de 240 por dia no per\u00edodo de ver\u00e3o. Nos meses de inverno, esse n\u00famero chega a 300 por dia.<\/p>\n\n\n\n<p>Com G1<\/p>\n","protected":false},"excerpt":{"rendered":"<p>Eles n\u00e3o gostam de serem chamados de coveiros, mas, sim, de sepultadores. S\u00e3o os profissionais contratados pela Prefeitura de S\u00e3o Paulo, servidores que enterram os&hellip; <\/p>\n","protected":false},"author":1,"featured_media":169002,"comment_status":"closed","ping_status":"closed","sticky":false,"template":"","format":"standard","meta":{"sfsi_plus_gutenberg_text_before_share":"","sfsi_plus_gutenberg_show_text_before_share":"","sfsi_plus_gutenberg_icon_type":"","sfsi_plus_gutenberg_icon_alignemt":"","sfsi_plus_gutenburg_max_per_row":"","footnotes":""},"categories":[50],"tags":[],"class_list":["post-168986","post","type-post","status-publish","format-standard","has-post-thumbnail","hentry","category-destaque"],"_links":{"self":[{"href":"https:\/\/www.caririemacao.com\/1\/wp-json\/wp\/v2\/posts\/168986","targetHints":{"allow":["GET"]}}],"collection":[{"href":"https:\/\/www.caririemacao.com\/1\/wp-json\/wp\/v2\/posts"}],"about":[{"href":"https:\/\/www.caririemacao.com\/1\/wp-json\/wp\/v2\/types\/post"}],"author":[{"embeddable":true,"href":"https:\/\/www.caririemacao.com\/1\/wp-json\/wp\/v2\/users\/1"}],"replies":[{"embeddable":true,"href":"https:\/\/www.caririemacao.com\/1\/wp-json\/wp\/v2\/comments?post=168986"}],"version-history":[{"count":1,"href":"https:\/\/www.caririemacao.com\/1\/wp-json\/wp\/v2\/posts\/168986\/revisions"}],"predecessor-version":[{"id":169003,"href":"https:\/\/www.caririemacao.com\/1\/wp-json\/wp\/v2\/posts\/168986\/revisions\/169003"}],"wp:featuredmedia":[{"embeddable":true,"href":"https:\/\/www.caririemacao.com\/1\/wp-json\/wp\/v2\/media\/169002"}],"wp:attachment":[{"href":"https:\/\/www.caririemacao.com\/1\/wp-json\/wp\/v2\/media?parent=168986"}],"wp:term":[{"taxonomy":"category","embeddable":true,"href":"https:\/\/www.caririemacao.com\/1\/wp-json\/wp\/v2\/categories?post=168986"},{"taxonomy":"post_tag","embeddable":true,"href":"https:\/\/www.caririemacao.com\/1\/wp-json\/wp\/v2\/tags?post=168986"}],"curies":[{"name":"wp","href":"https:\/\/api.w.org\/{rel}","templated":true}]}}