{"id":168987,"date":"2020-05-12T10:26:18","date_gmt":"2020-05-12T13:26:18","guid":{"rendered":"https:\/\/www.caririemacao.com\/1\/?p=168987"},"modified":"2020-05-12T11:20:24","modified_gmt":"2020-05-12T14:20:24","slug":"vereador-paulo-junior-doa-mil-mascaras-para-a-prefeitura-de-ouro-velho","status":"publish","type":"post","link":"https:\/\/www.caririemacao.com\/1\/2020\/05\/12\/vereador-paulo-junior-doa-mil-mascaras-para-a-prefeitura-de-ouro-velho\/","title":{"rendered":"Vereador Paulo J\u00fanior doa mil m\u00e1scaras para a Prefeitura de Ouro Velho"},"content":{"rendered":"\n<p>O vereador do munic\u00edpio de Ouro Velho, Paulo J\u00fanior, adquire 1000 (mil) m\u00e1scaras de prote\u00e7\u00e3o e faz doa\u00e7\u00e3o para a Prefeitura de Ouro Velho, que providenciar\u00e1 a distribui\u00e7\u00e3o atrav\u00e9s dos profissionais da Secretaria de Sa\u00fade para a popula\u00e7\u00e3o.<\/p>\n\n\n\n<p>De acordo com o vereador, o momento \u00e9<br>cr\u00edtico. Sendo assim, \u00e9 preciso pensar no pr\u00f3ximo, fazendo cada um a sua parte.<\/p>\n\n\n\n<p>&#8220;A necessidade de prote\u00e7\u00e3o dos mais fr\u00e1geis deve ser a principal bandeira da classe pol\u00edtica. E aproveito para aplaudir a gest\u00e3o de nossa prefeita Nat\u00e1lia pelas in\u00fameras a\u00e7\u00f5es para combater o coronav\u00edrus e mitigar os seus efeitos, bem como agrade\u00e7o a disposi\u00e7\u00e3o de fazer a distribui\u00e7\u00e3o das m\u00e1scaras que doamos&#8221; afirmou o vereador.<\/p>\n","protected":false},"excerpt":{"rendered":"<p>O vereador do munic\u00edpio de Ouro Velho, Paulo J\u00fanior, adquire 1000 (mil) m\u00e1scaras de prote\u00e7\u00e3o e faz doa\u00e7\u00e3o para a Prefeitura de Ouro Velho, que&hellip; <\/p>\n","protected":false},"author":1,"featured_media":168988,"comment_status":"closed","ping_status":"closed","sticky":false,"template":"","format":"standard","meta":{"sfsi_plus_gutenberg_text_before_share":"","sfsi_plus_gutenberg_show_text_before_share":"","sfsi_plus_gutenberg_icon_type":"","sfsi_plus_gutenberg_icon_alignemt":"","sfsi_plus_gutenburg_max_per_row":"","footnotes":""},"categories":[6,50],"tags":[],"class_list":["post-168987","post","type-post","status-publish","format-standard","has-post-thumbnail","hentry","category-cidades","category-destaque"],"_links":{"self":[{"href":"https:\/\/www.caririemacao.com\/1\/wp-json\/wp\/v2\/posts\/168987","targetHints":{"allow":["GET"]}}],"collection":[{"href":"https:\/\/www.caririemacao.com\/1\/wp-json\/wp\/v2\/posts"}],"about":[{"href":"https:\/\/www.caririemacao.com\/1\/wp-json\/wp\/v2\/types\/post"}],"author":[{"embeddable":true,"href":"https:\/\/www.caririemacao.com\/1\/wp-json\/wp\/v2\/users\/1"}],"replies":[{"embeddable":true,"href":"https:\/\/www.caririemacao.com\/1\/wp-json\/wp\/v2\/comments?post=168987"}],"version-history":[{"count":4,"href":"https:\/\/www.caririemacao.com\/1\/wp-json\/wp\/v2\/posts\/168987\/revisions"}],"predecessor-version":[{"id":169000,"href":"https:\/\/www.caririemacao.com\/1\/wp-json\/wp\/v2\/posts\/168987\/revisions\/169000"}],"wp:featuredmedia":[{"embeddable":true,"href":"https:\/\/www.caririemacao.com\/1\/wp-json\/wp\/v2\/media\/168988"}],"wp:attachment":[{"href":"https:\/\/www.caririemacao.com\/1\/wp-json\/wp\/v2\/media?parent=168987"}],"wp:term":[{"taxonomy":"category","embeddable":true,"href":"https:\/\/www.caririemacao.com\/1\/wp-json\/wp\/v2\/categories?post=168987"},{"taxonomy":"post_tag","embeddable":true,"href":"https:\/\/www.caririemacao.com\/1\/wp-json\/wp\/v2\/tags?post=168987"}],"curies":[{"name":"wp","href":"https:\/\/api.w.org\/{rel}","templated":true}]}}