{"id":168992,"date":"2020-05-12T10:42:51","date_gmt":"2020-05-12T13:42:51","guid":{"rendered":"https:\/\/www.caririemacao.com\/1\/?p=168992"},"modified":"2020-05-12T10:42:51","modified_gmt":"2020-05-12T13:42:51","slug":"prefeitura-de-sao-jose-dos-cordeiros-inicia-o-roco-das-estradas-vicinais-nas-comunidades","status":"publish","type":"post","link":"https:\/\/www.caririemacao.com\/1\/2020\/05\/12\/prefeitura-de-sao-jose-dos-cordeiros-inicia-o-roco-das-estradas-vicinais-nas-comunidades\/","title":{"rendered":"Prefeitura de S\u00e3o Jos\u00e9 dos Cordeiros inicia o ro\u00e7o das estradas vicinais nas comunidades"},"content":{"rendered":"\n<p>A Prefeitura de S\u00e3o Jos\u00e9 dos Cordeiros iniciou na manh\u00e3 desta ter\u00e7a-feira 12, o ro\u00e7o das estradas vicinais. O trabalho \u00e9 a prepara\u00e7\u00e3o para que se possa fazer a recupera\u00e7\u00e3o das estradas de forma a deixar o servi\u00e7o bem feito, com uma boa visualiza\u00e7\u00e3o e seguran\u00e7a. <\/p>\n\n\n\n<p>As obras foram iniciadas nas comunidades Pedra Lavrada, Pelada, Guarita, Riacho Fundo at\u00e9 os Dois Riachos. <\/p>\n\n\n\n<p>&#8220;Pretendemos aos poucos fazer esse mesmo servi\u00e7o onde tiver precisando, gra\u00e7as a Deus ainda est\u00e1 chovendo e \u00e9 normal a vegeta\u00e7\u00e3o crescer com mais frequ\u00eancia. Quero agradecer o apoio do Vereador Paulo, incans\u00e1vel na luta pelas demandas da sociedade&#8221;, disse o prefeito Jefferson Roberto. <\/p>\n","protected":false},"excerpt":{"rendered":"<p>A Prefeitura de S\u00e3o Jos\u00e9 dos Cordeiros iniciou na manh\u00e3 desta ter\u00e7a-feira 12, o ro\u00e7o das estradas vicinais. O trabalho \u00e9 a prepara\u00e7\u00e3o para que&hellip; <\/p>\n","protected":false},"author":1,"featured_media":168993,"comment_status":"closed","ping_status":"closed","sticky":false,"template":"","format":"standard","meta":{"sfsi_plus_gutenberg_text_before_share":"","sfsi_plus_gutenberg_show_text_before_share":"","sfsi_plus_gutenberg_icon_type":"","sfsi_plus_gutenberg_icon_alignemt":"","sfsi_plus_gutenburg_max_per_row":"","footnotes":""},"categories":[6,50],"tags":[],"class_list":["post-168992","post","type-post","status-publish","format-standard","has-post-thumbnail","hentry","category-cidades","category-destaque"],"_links":{"self":[{"href":"https:\/\/www.caririemacao.com\/1\/wp-json\/wp\/v2\/posts\/168992","targetHints":{"allow":["GET"]}}],"collection":[{"href":"https:\/\/www.caririemacao.com\/1\/wp-json\/wp\/v2\/posts"}],"about":[{"href":"https:\/\/www.caririemacao.com\/1\/wp-json\/wp\/v2\/types\/post"}],"author":[{"embeddable":true,"href":"https:\/\/www.caririemacao.com\/1\/wp-json\/wp\/v2\/users\/1"}],"replies":[{"embeddable":true,"href":"https:\/\/www.caririemacao.com\/1\/wp-json\/wp\/v2\/comments?post=168992"}],"version-history":[{"count":1,"href":"https:\/\/www.caririemacao.com\/1\/wp-json\/wp\/v2\/posts\/168992\/revisions"}],"predecessor-version":[{"id":168994,"href":"https:\/\/www.caririemacao.com\/1\/wp-json\/wp\/v2\/posts\/168992\/revisions\/168994"}],"wp:featuredmedia":[{"embeddable":true,"href":"https:\/\/www.caririemacao.com\/1\/wp-json\/wp\/v2\/media\/168993"}],"wp:attachment":[{"href":"https:\/\/www.caririemacao.com\/1\/wp-json\/wp\/v2\/media?parent=168992"}],"wp:term":[{"taxonomy":"category","embeddable":true,"href":"https:\/\/www.caririemacao.com\/1\/wp-json\/wp\/v2\/categories?post=168992"},{"taxonomy":"post_tag","embeddable":true,"href":"https:\/\/www.caririemacao.com\/1\/wp-json\/wp\/v2\/tags?post=168992"}],"curies":[{"name":"wp","href":"https:\/\/api.w.org\/{rel}","templated":true}]}}