{"id":169001,"date":"2020-05-12T11:36:55","date_gmt":"2020-05-12T14:36:55","guid":{"rendered":"https:\/\/www.caririemacao.com\/1\/?p=169001"},"modified":"2020-05-12T11:36:55","modified_gmt":"2020-05-12T14:36:55","slug":"x-semana-estadual-da-luta-antimanicomial-tera-programacao-virtual-pelo-instagram","status":"publish","type":"post","link":"https:\/\/www.caririemacao.com\/1\/2020\/05\/12\/x-semana-estadual-da-luta-antimanicomial-tera-programacao-virtual-pelo-instagram\/","title":{"rendered":"X Semana Estadual da Luta Antimanicomial ter\u00e1 programa\u00e7\u00e3o virtual pelo Instagram"},"content":{"rendered":"\n<p>A coordena\u00e7\u00e3o do Caps de Sum\u00e9 informa que levando em considera\u00e7\u00e3o o contexto atual da pandemia do novo coronav\u00edrus, n\u00e3o ser\u00e1 poss\u00edvel realizar a programa\u00e7\u00e3o da Luta Antimanicomial de forma presencial.<\/p>\n\n\n\n<p>Assim, o Caps de Sum\u00e9 seguir\u00e1 com a programa\u00e7\u00e3o virtual da coordena\u00e7\u00e3o estadual, que este ano traz como tema \u201cFazer marchar a liberdade quando n\u00e3o se pode ir \u00e0s ruas\u201d.<\/p>\n\n\n\n<p>O movimento virtual tem in\u00edcio nesta ter\u00e7a-feira, 12\/05 \u00e0s 15h, com a Live de Abertura no Instagram&nbsp;<strong>@lutaantimanicomial2020<\/strong>, a palestra ser\u00e1: \u201cLuta Antimanicomial: Uma Pol\u00edtica Necess\u00e1ria\u201d, com Iaciara Mendes, Cida Ramos e Tib\u00e9rio Limeira.<\/p>\n\n\n\n<p>No dia 14\/05 \u2013 Live: \u201cQuest\u00f5es sociais e sa\u00fade mental: vis\u00f5es e vivencias de um profissional da sa\u00fade mental, com Junior Eust\u00e1quio. No insta&nbsp;<strong>@lutaantimanicomial2020<\/strong>, \u00e0s 14h.<\/p>\n\n\n\n<p>15\/05 \u2013 Live: \u201cLuta antimanicomial e redu\u00e7\u00e3o de danos, com Domiciano Siqueira, no insta&nbsp;<strong>@lutaantimanicomial2020<\/strong>, \u00e0s 14h.<\/p>\n\n\n\n<p>18\/05 \u2013 Ato cultural antimanicomial, no insta&nbsp;<strong>@lutaantimanicomial2020<\/strong>, manh\u00e3 e tarde. Live: \u201cA reforma psiqui\u00e1trica e as mem\u00f3rias do cotidiano, com Leo Roque e Shirlene Queiroz, \u00e0s 18h.<\/p>\n\n\n\n<p>20\/05 \u2013 Cannabis e Sa\u00fade Mental, com J\u00falio Am\u00e9rico, no insta&nbsp;<strong>@lutaantimanicomial2020<\/strong>, \u00e0s 20h.<\/p>\n\n\n\n<p>O Dia Nacional da Luta Antimanicomial \u00e9 celebrado todos os anos em 18 de maio. O Movimento da Luta Antimanicomial se caracteriza pela luta aos direitos das pessoas com sofrimento mental. O Movimento da Luta antimanicomial faz lembrar que como todo cidad\u00e3o estas pessoas t\u00eam o direito fundamental \u00e0 liberdade, o direito a viver em sociedade, al\u00e9m do direto a receber cuidado e tratamento sem que para isto tenham que abrir m\u00e3o de seu lugar de cidad\u00e3os.<\/p>\n\n\n\n<p>\u201cEmbora n\u00e3o possamos estar juntos presencialmente, \u00e9 importante a nossa participa\u00e7\u00e3o para fortalecermos este movimento por uma sociedade sem manic\u00f4mios\u201d, enfatizou a coordenadora do Caps de Sum\u00e9, Lorena Marques.<\/p>\n\n\n\n<p>Ascom PMS<\/p>\n","protected":false},"excerpt":{"rendered":"<p>A coordena\u00e7\u00e3o do Caps de Sum\u00e9 informa que levando em considera\u00e7\u00e3o o contexto atual da pandemia do novo coronav\u00edrus, n\u00e3o ser\u00e1 poss\u00edvel realizar a programa\u00e7\u00e3o&hellip; <\/p>\n","protected":false},"author":1,"featured_media":169004,"comment_status":"closed","ping_status":"closed","sticky":false,"template":"","format":"standard","meta":{"sfsi_plus_gutenberg_text_before_share":"","sfsi_plus_gutenberg_show_text_before_share":"","sfsi_plus_gutenberg_icon_type":"","sfsi_plus_gutenberg_icon_alignemt":"","sfsi_plus_gutenburg_max_per_row":"","footnotes":""},"categories":[6,50],"tags":[],"class_list":["post-169001","post","type-post","status-publish","format-standard","has-post-thumbnail","hentry","category-cidades","category-destaque"],"_links":{"self":[{"href":"https:\/\/www.caririemacao.com\/1\/wp-json\/wp\/v2\/posts\/169001","targetHints":{"allow":["GET"]}}],"collection":[{"href":"https:\/\/www.caririemacao.com\/1\/wp-json\/wp\/v2\/posts"}],"about":[{"href":"https:\/\/www.caririemacao.com\/1\/wp-json\/wp\/v2\/types\/post"}],"author":[{"embeddable":true,"href":"https:\/\/www.caririemacao.com\/1\/wp-json\/wp\/v2\/users\/1"}],"replies":[{"embeddable":true,"href":"https:\/\/www.caririemacao.com\/1\/wp-json\/wp\/v2\/comments?post=169001"}],"version-history":[{"count":1,"href":"https:\/\/www.caririemacao.com\/1\/wp-json\/wp\/v2\/posts\/169001\/revisions"}],"predecessor-version":[{"id":169005,"href":"https:\/\/www.caririemacao.com\/1\/wp-json\/wp\/v2\/posts\/169001\/revisions\/169005"}],"wp:featuredmedia":[{"embeddable":true,"href":"https:\/\/www.caririemacao.com\/1\/wp-json\/wp\/v2\/media\/169004"}],"wp:attachment":[{"href":"https:\/\/www.caririemacao.com\/1\/wp-json\/wp\/v2\/media?parent=169001"}],"wp:term":[{"taxonomy":"category","embeddable":true,"href":"https:\/\/www.caririemacao.com\/1\/wp-json\/wp\/v2\/categories?post=169001"},{"taxonomy":"post_tag","embeddable":true,"href":"https:\/\/www.caririemacao.com\/1\/wp-json\/wp\/v2\/tags?post=169001"}],"curies":[{"name":"wp","href":"https:\/\/api.w.org\/{rel}","templated":true}]}}