{"id":169009,"date":"2020-05-12T11:55:40","date_gmt":"2020-05-12T14:55:40","guid":{"rendered":"https:\/\/www.caririemacao.com\/1\/?p=169009"},"modified":"2020-05-12T11:55:40","modified_gmt":"2020-05-12T14:55:40","slug":"prata-prefeito-junior-nobrega-e-secretaria-da-saude-parabenizam-e-agradecem-atuacao-dos-profissionais-da-enfermagem","status":"publish","type":"post","link":"https:\/\/www.caririemacao.com\/1\/2020\/05\/12\/prata-prefeito-junior-nobrega-e-secretaria-da-saude-parabenizam-e-agradecem-atuacao-dos-profissionais-da-enfermagem\/","title":{"rendered":"Prata: Prefeito J\u00fanior N\u00f3brega e Secret\u00e1ria da Sa\u00fade parabenizam e agradecem atua\u00e7\u00e3o dos profissionais da enfermagem"},"content":{"rendered":"\n<p>O prefeito de Prata, J\u00fanior Nobrega e  a Secret\u00e1ria da Sa\u00fade, Maria Aparecida parabenizaram e agradeceram a todos os profissionais da enfermagem pelo trabalho prestado a sociedade e pelo seu dia comemorado neste dia 12\/05.  <\/p>\n\n\n\n<p>De acordo com eles o munic\u00edpio da Prata atualmente conta com excelentes e qualificados profissionais de enfermagem, que fazem um trabalho bastante satisfat\u00f3rio no munic\u00edpio. <\/p>\n\n\n\n<p> E como nesta ter\u00e7a-feira 12\/05 \u00e9 comemorado o dia internacional do enfermeiro. A atual gest\u00e3o veio a p\u00fablico agradecer a todos esses profissionais que est\u00e3o na linha de frente no combate a pandemia vivida pelo pa\u00eds e as demais doen\u00e7as existentes. <\/p>\n","protected":false},"excerpt":{"rendered":"<p>O prefeito de Prata, J\u00fanior Nobrega e a Secret\u00e1ria da Sa\u00fade, Maria Aparecida parabenizaram e agradeceram a todos os profissionais da enfermagem pelo trabalho prestado&hellip; <\/p>\n","protected":false},"author":1,"featured_media":169010,"comment_status":"closed","ping_status":"closed","sticky":false,"template":"","format":"standard","meta":{"sfsi_plus_gutenberg_text_before_share":"","sfsi_plus_gutenberg_show_text_before_share":"","sfsi_plus_gutenberg_icon_type":"","sfsi_plus_gutenberg_icon_alignemt":"","sfsi_plus_gutenburg_max_per_row":"","footnotes":""},"categories":[6],"tags":[],"class_list":["post-169009","post","type-post","status-publish","format-standard","has-post-thumbnail","hentry","category-cidades"],"_links":{"self":[{"href":"https:\/\/www.caririemacao.com\/1\/wp-json\/wp\/v2\/posts\/169009","targetHints":{"allow":["GET"]}}],"collection":[{"href":"https:\/\/www.caririemacao.com\/1\/wp-json\/wp\/v2\/posts"}],"about":[{"href":"https:\/\/www.caririemacao.com\/1\/wp-json\/wp\/v2\/types\/post"}],"author":[{"embeddable":true,"href":"https:\/\/www.caririemacao.com\/1\/wp-json\/wp\/v2\/users\/1"}],"replies":[{"embeddable":true,"href":"https:\/\/www.caririemacao.com\/1\/wp-json\/wp\/v2\/comments?post=169009"}],"version-history":[{"count":1,"href":"https:\/\/www.caririemacao.com\/1\/wp-json\/wp\/v2\/posts\/169009\/revisions"}],"predecessor-version":[{"id":169011,"href":"https:\/\/www.caririemacao.com\/1\/wp-json\/wp\/v2\/posts\/169009\/revisions\/169011"}],"wp:featuredmedia":[{"embeddable":true,"href":"https:\/\/www.caririemacao.com\/1\/wp-json\/wp\/v2\/media\/169010"}],"wp:attachment":[{"href":"https:\/\/www.caririemacao.com\/1\/wp-json\/wp\/v2\/media?parent=169009"}],"wp:term":[{"taxonomy":"category","embeddable":true,"href":"https:\/\/www.caririemacao.com\/1\/wp-json\/wp\/v2\/categories?post=169009"},{"taxonomy":"post_tag","embeddable":true,"href":"https:\/\/www.caririemacao.com\/1\/wp-json\/wp\/v2\/tags?post=169009"}],"curies":[{"name":"wp","href":"https:\/\/api.w.org\/{rel}","templated":true}]}}