{"id":169012,"date":"2020-05-12T12:28:06","date_gmt":"2020-05-12T15:28:06","guid":{"rendered":"https:\/\/www.caririemacao.com\/1\/?p=169012"},"modified":"2020-05-12T12:28:06","modified_gmt":"2020-05-12T15:28:06","slug":"homem-e-atingido-por-disparo-de-arma-de-fogo-em-monteiro","status":"publish","type":"post","link":"https:\/\/www.caririemacao.com\/1\/2020\/05\/12\/homem-e-atingido-por-disparo-de-arma-de-fogo-em-monteiro\/","title":{"rendered":"Homem \u00e9 atingido por disparo de arma de fogo em Monteiro"},"content":{"rendered":"\n<p><br>Uma tentativa de homic\u00eddio foi registrado na noite desta segunda-feira (11), em Monteiro no cariri.<br>De acordo com informa\u00e7\u00f5es, por volta das 20:00 horas a v\u00edtima de 28 anos de idade informou que estava em frente a sua resid\u00eancia, na rua Quit\u00e9ria Emanuela Hon\u00f3rio, pr\u00f3ximo ao a\u00e7ude p\u00fablico, quando sentiu um impacto no ombro, o mesmo relata que n\u00e3o viu quem efetuou o disparo.<\/p>\n\n\n\n<p><br>O SAMU realizou os primeiros atendimentos e conduziu o mesmo para o Hospital Santa Filomena. O ocorrido foi informado na delegacia de Pol\u00edcia Civil para as investiga\u00e7\u00f5es.<br>HORA1<\/p>\n","protected":false},"excerpt":{"rendered":"<p>Uma tentativa de homic\u00eddio foi registrado na noite desta segunda-feira (11), em Monteiro no cariri.De acordo com informa\u00e7\u00f5es, por volta das 20:00 horas a v\u00edtima&hellip; <\/p>\n","protected":false},"author":1,"featured_media":164423,"comment_status":"closed","ping_status":"closed","sticky":false,"template":"","format":"standard","meta":{"sfsi_plus_gutenberg_text_before_share":"","sfsi_plus_gutenberg_show_text_before_share":"","sfsi_plus_gutenberg_icon_type":"","sfsi_plus_gutenberg_icon_alignemt":"","sfsi_plus_gutenburg_max_per_row":"","footnotes":""},"categories":[6,12],"tags":[],"class_list":["post-169012","post","type-post","status-publish","format-standard","has-post-thumbnail","hentry","category-cidades","category-policia"],"_links":{"self":[{"href":"https:\/\/www.caririemacao.com\/1\/wp-json\/wp\/v2\/posts\/169012","targetHints":{"allow":["GET"]}}],"collection":[{"href":"https:\/\/www.caririemacao.com\/1\/wp-json\/wp\/v2\/posts"}],"about":[{"href":"https:\/\/www.caririemacao.com\/1\/wp-json\/wp\/v2\/types\/post"}],"author":[{"embeddable":true,"href":"https:\/\/www.caririemacao.com\/1\/wp-json\/wp\/v2\/users\/1"}],"replies":[{"embeddable":true,"href":"https:\/\/www.caririemacao.com\/1\/wp-json\/wp\/v2\/comments?post=169012"}],"version-history":[{"count":1,"href":"https:\/\/www.caririemacao.com\/1\/wp-json\/wp\/v2\/posts\/169012\/revisions"}],"predecessor-version":[{"id":169013,"href":"https:\/\/www.caririemacao.com\/1\/wp-json\/wp\/v2\/posts\/169012\/revisions\/169013"}],"wp:featuredmedia":[{"embeddable":true,"href":"https:\/\/www.caririemacao.com\/1\/wp-json\/wp\/v2\/media\/164423"}],"wp:attachment":[{"href":"https:\/\/www.caririemacao.com\/1\/wp-json\/wp\/v2\/media?parent=169012"}],"wp:term":[{"taxonomy":"category","embeddable":true,"href":"https:\/\/www.caririemacao.com\/1\/wp-json\/wp\/v2\/categories?post=169012"},{"taxonomy":"post_tag","embeddable":true,"href":"https:\/\/www.caririemacao.com\/1\/wp-json\/wp\/v2\/tags?post=169012"}],"curies":[{"name":"wp","href":"https:\/\/api.w.org\/{rel}","templated":true}]}}