{"id":169017,"date":"2020-05-12T12:44:11","date_gmt":"2020-05-12T15:44:11","guid":{"rendered":"https:\/\/www.caririemacao.com\/1\/?p=169017"},"modified":"2020-05-12T12:44:11","modified_gmt":"2020-05-12T15:44:11","slug":"governadores-vao-ignorar-decreto-de-bolsonaro-para-reabertura-de-saloes-e-academias","status":"publish","type":"post","link":"https:\/\/www.caririemacao.com\/1\/2020\/05\/12\/governadores-vao-ignorar-decreto-de-bolsonaro-para-reabertura-de-saloes-e-academias\/","title":{"rendered":"Governadores v\u00e3o ignorar decreto de Bolsonaro para reabertura de sal\u00f5es e academias"},"content":{"rendered":"\n<p>Governadores disseram na noite desta segunda-feira (11) que nada muda em seus estados nas pol\u00edticas de restri\u00e7\u00e3o de circula\u00e7\u00e3o e que v\u00e3o ignorar o decreto de Jair Bolsonaro (sem partido) classificando academias e sal\u00f5es de beleza como servi\u00e7os essenciais.<\/p>\n\n\n\n<p>Camilo Santana (PT), do Cear\u00e1, publicou em suas redes sociais que \u201capesar do presidente baixar decreto considerando sal\u00f5es de beleza, barbearias e academias de gin\u00e1stica como servi\u00e7os essenciais, esse ato em NADA altera o atual decreto em vigor no Cear\u00e1, e devem permanecer fechados\u201d.<\/p>\n\n\n\n<p>Fl\u00e1vio Dino (PC do B), do Maranh\u00e3o, disse que \u201cnada muda at\u00e9 o dia 20\u201d. \u201cBolsonaro deveria estar preocupado com a atividade realmente essencial que cabe a ele cuidar, a de presidente da Rep\u00fablica, e passar a exerc\u00ea-la com seriedade\u201d, disse Dino.<\/p>\n\n\n\n<p>Jo\u00e3o Doria (PSDB), de S\u00e3o Paulo, afirmou que vai avaliar e deve anunciar sua decis\u00e3o nesta ter\u00e7a (12).<\/p>\n\n\n\n<p>O paraense H\u00e9lder Barbalho (MDB-PA) e Renato Casagrande (PSB), do Esp\u00edrito Santo, tamb\u00e9m disseram que v\u00e3o ignorar o decreto de Bolsonaro e seguir\u00e3o com as suas pol\u00edticas restritivas.<\/p>\n\n\n\n<p>No Rio de Janeiro, a assessoria do governador Wilson Witzel (PSC) informou que o estado cr\u00ea que a decis\u00e3o do STF dando autonomia para governadores legislarem sobre o tema d\u00e1 seguran\u00e7a para a manuten\u00e7\u00e3o das restri\u00e7\u00f5es.<\/p>\n\n\n\n<p>\u201cContinuaremos com medidas regionais, alinhando medidas locais com os prefeitos, na propor\u00e7\u00e3o da taxa de contamina\u00e7\u00e3o\u201d, afirmou Rui Costa (PT), governador da Bahia.<\/p>\n","protected":false},"excerpt":{"rendered":"<p>Governadores disseram na noite desta segunda-feira (11) que nada muda em seus estados nas pol\u00edticas de restri\u00e7\u00e3o de circula\u00e7\u00e3o e que v\u00e3o ignorar o decreto&hellip; <\/p>\n","protected":false},"author":2,"featured_media":169018,"comment_status":"closed","ping_status":"closed","sticky":false,"template":"","format":"standard","meta":{"sfsi_plus_gutenberg_text_before_share":"","sfsi_plus_gutenberg_show_text_before_share":"","sfsi_plus_gutenberg_icon_type":"","sfsi_plus_gutenberg_icon_alignemt":"","sfsi_plus_gutenburg_max_per_row":"","footnotes":""},"categories":[11],"tags":[],"class_list":["post-169017","post","type-post","status-publish","format-standard","has-post-thumbnail","hentry","category-politica"],"_links":{"self":[{"href":"https:\/\/www.caririemacao.com\/1\/wp-json\/wp\/v2\/posts\/169017","targetHints":{"allow":["GET"]}}],"collection":[{"href":"https:\/\/www.caririemacao.com\/1\/wp-json\/wp\/v2\/posts"}],"about":[{"href":"https:\/\/www.caririemacao.com\/1\/wp-json\/wp\/v2\/types\/post"}],"author":[{"embeddable":true,"href":"https:\/\/www.caririemacao.com\/1\/wp-json\/wp\/v2\/users\/2"}],"replies":[{"embeddable":true,"href":"https:\/\/www.caririemacao.com\/1\/wp-json\/wp\/v2\/comments?post=169017"}],"version-history":[{"count":1,"href":"https:\/\/www.caririemacao.com\/1\/wp-json\/wp\/v2\/posts\/169017\/revisions"}],"predecessor-version":[{"id":169019,"href":"https:\/\/www.caririemacao.com\/1\/wp-json\/wp\/v2\/posts\/169017\/revisions\/169019"}],"wp:featuredmedia":[{"embeddable":true,"href":"https:\/\/www.caririemacao.com\/1\/wp-json\/wp\/v2\/media\/169018"}],"wp:attachment":[{"href":"https:\/\/www.caririemacao.com\/1\/wp-json\/wp\/v2\/media?parent=169017"}],"wp:term":[{"taxonomy":"category","embeddable":true,"href":"https:\/\/www.caririemacao.com\/1\/wp-json\/wp\/v2\/categories?post=169017"},{"taxonomy":"post_tag","embeddable":true,"href":"https:\/\/www.caririemacao.com\/1\/wp-json\/wp\/v2\/tags?post=169017"}],"curies":[{"name":"wp","href":"https:\/\/api.w.org\/{rel}","templated":true}]}}