{"id":169021,"date":"2020-05-12T12:45:46","date_gmt":"2020-05-12T15:45:46","guid":{"rendered":"https:\/\/www.caririemacao.com\/1\/?p=169021"},"modified":"2020-05-12T12:45:46","modified_gmt":"2020-05-12T15:45:46","slug":"sobe-para-19-o-numero-de-casos-confirmados-de-covid-19-em-taperoa","status":"publish","type":"post","link":"https:\/\/www.caririemacao.com\/1\/2020\/05\/12\/sobe-para-19-o-numero-de-casos-confirmados-de-covid-19-em-taperoa\/","title":{"rendered":"Sobe para 19 o n\u00famero de casos confirmados de Covid-19 em Tapero\u00e1"},"content":{"rendered":"\n<p>O munic\u00edpio de Tapero\u00e1 \u00e9 o que maior n\u00famero de casos confirmados do novo Coronav\u00edrus na regi\u00e3o do Cariri paraibano. O n\u00famero j\u00e1 chega a 19, de acordo com dados da Prefeitura Municipal desta segunda-feira (11).<\/p>\n\n\n\n<p>De acordo com o boletim, o munic\u00edpio consta com 1 \u00f3bito, 19 casos confirmados, 04 recuperados, 05 suspeitos, 08 monitorados, 49 descartados e 20 liberados da quarentena.<\/p>\n","protected":false},"excerpt":{"rendered":"<p>O munic\u00edpio de Tapero\u00e1 \u00e9 o que maior n\u00famero de casos confirmados do novo Coronav\u00edrus na regi\u00e3o do Cariri paraibano. O n\u00famero j\u00e1 chega a&hellip; <\/p>\n","protected":false},"author":2,"featured_media":168961,"comment_status":"closed","ping_status":"closed","sticky":false,"template":"","format":"standard","meta":{"sfsi_plus_gutenberg_text_before_share":"","sfsi_plus_gutenberg_show_text_before_share":"","sfsi_plus_gutenberg_icon_type":"","sfsi_plus_gutenberg_icon_alignemt":"","sfsi_plus_gutenburg_max_per_row":"","footnotes":""},"categories":[6],"tags":[],"class_list":["post-169021","post","type-post","status-publish","format-standard","has-post-thumbnail","hentry","category-cidades"],"_links":{"self":[{"href":"https:\/\/www.caririemacao.com\/1\/wp-json\/wp\/v2\/posts\/169021","targetHints":{"allow":["GET"]}}],"collection":[{"href":"https:\/\/www.caririemacao.com\/1\/wp-json\/wp\/v2\/posts"}],"about":[{"href":"https:\/\/www.caririemacao.com\/1\/wp-json\/wp\/v2\/types\/post"}],"author":[{"embeddable":true,"href":"https:\/\/www.caririemacao.com\/1\/wp-json\/wp\/v2\/users\/2"}],"replies":[{"embeddable":true,"href":"https:\/\/www.caririemacao.com\/1\/wp-json\/wp\/v2\/comments?post=169021"}],"version-history":[{"count":1,"href":"https:\/\/www.caririemacao.com\/1\/wp-json\/wp\/v2\/posts\/169021\/revisions"}],"predecessor-version":[{"id":169022,"href":"https:\/\/www.caririemacao.com\/1\/wp-json\/wp\/v2\/posts\/169021\/revisions\/169022"}],"wp:featuredmedia":[{"embeddable":true,"href":"https:\/\/www.caririemacao.com\/1\/wp-json\/wp\/v2\/media\/168961"}],"wp:attachment":[{"href":"https:\/\/www.caririemacao.com\/1\/wp-json\/wp\/v2\/media?parent=169021"}],"wp:term":[{"taxonomy":"category","embeddable":true,"href":"https:\/\/www.caririemacao.com\/1\/wp-json\/wp\/v2\/categories?post=169021"},{"taxonomy":"post_tag","embeddable":true,"href":"https:\/\/www.caririemacao.com\/1\/wp-json\/wp\/v2\/tags?post=169021"}],"curies":[{"name":"wp","href":"https:\/\/api.w.org\/{rel}","templated":true}]}}