{"id":169025,"date":"2020-05-12T12:48:05","date_gmt":"2020-05-12T15:48:05","guid":{"rendered":"https:\/\/www.caririemacao.com\/1\/?p=169025"},"modified":"2020-05-12T12:56:57","modified_gmt":"2020-05-12T15:56:57","slug":"amparo-conjunto-francisco-de-paula-arruda-recebe-material-para-pavimentacao","status":"publish","type":"post","link":"https:\/\/www.caririemacao.com\/1\/2020\/05\/12\/amparo-conjunto-francisco-de-paula-arruda-recebe-material-para-pavimentacao\/","title":{"rendered":"AMPARO: Conjunto Francisco de Paula Arruda recebe material para pavimenta\u00e7\u00e3o"},"content":{"rendered":"\n<p>Na manh\u00e3 desta ter\u00e7a-feira (12), a empresa vencedora do processo licitat\u00f3rio para pavimenta\u00e7\u00e3o do conjunto Nen\u00e9m de Paula Arruda, deu in\u00edcio \u00e0 coloca\u00e7\u00e3o de meio fio para pavimenta\u00e7\u00e3o em paralelep\u00edpedo.<\/p>\n\n\n\n<figure class=\"wp-block-image\"><a href=\"https:\/\/1.bp.blogspot.com\/-Mq2ChkZT6XU\/XrrBHSlpmrI\/AAAAAAABM4I\/9eGg3UO6OwMF8ro_O8Ov9aezN5Em3amXQCLcBGAsYHQ\/s1600\/WhatsApp%2BImage%2B2020-05-12%2Bat%2B12.21.04%2BPM%2B%25281%2529.jpeg\"><img decoding=\"async\" data-src=\"https:\/\/1.bp.blogspot.com\/-Mq2ChkZT6XU\/XrrBHSlpmrI\/AAAAAAABM4I\/9eGg3UO6OwMF8ro_O8Ov9aezN5Em3amXQCLcBGAsYHQ\/s640\/WhatsApp%2BImage%2B2020-05-12%2Bat%2B12.21.04%2BPM%2B%25281%2529.jpeg\" alt=\"\" src=\"data:image\/svg+xml;base64,PHN2ZyB3aWR0aD0iMSIgaGVpZ2h0PSIxIiB4bWxucz0iaHR0cDovL3d3dy53My5vcmcvMjAwMC9zdmciPjwvc3ZnPg==\" class=\"lazyload\" \/><\/a><\/figure>\n\n\n\n<p>Segundo o prefeito In\u00e1cio N\u00f3brega, t\u00e3o logo foram resolvidos os problemas burocr\u00e1ticos junto a Caixa Econ\u00f4mica Federal, a obra j\u00e1 teve seu in\u00edcio. Junto \u00e0 pavimenta\u00e7\u00e3o, o bairro tamb\u00e9m recebe as obras de esgotamento sanit\u00e1rio.<\/p>\n\n\n\n<figure class=\"wp-block-image\"><a href=\"https:\/\/1.bp.blogspot.com\/-0UdQHJLIpmg\/XrrBKykRpeI\/AAAAAAABM4M\/cAK8WHqK-8MNyngDkhwKFN9A_G6mzTJ-gCLcBGAsYHQ\/s1600\/WhatsApp%2BImage%2B2020-05-12%2Bat%2B12.21.05%2BPM.jpeg\"><img decoding=\"async\" data-src=\"https:\/\/1.bp.blogspot.com\/-0UdQHJLIpmg\/XrrBKykRpeI\/AAAAAAABM4M\/cAK8WHqK-8MNyngDkhwKFN9A_G6mzTJ-gCLcBGAsYHQ\/s640\/WhatsApp%2BImage%2B2020-05-12%2Bat%2B12.21.05%2BPM.jpeg\" alt=\"\" src=\"data:image\/svg+xml;base64,PHN2ZyB3aWR0aD0iMSIgaGVpZ2h0PSIxIiB4bWxucz0iaHR0cDovL3d3dy53My5vcmcvMjAwMC9zdmciPjwvc3ZnPg==\" class=\"lazyload\" \/><\/a><\/figure>\n\n\n\n<p>Ascom<\/p>\n\n\n\n<p>Amparo Ligado<\/p>\n","protected":false},"excerpt":{"rendered":"<p>Na manh\u00e3 desta ter\u00e7a-feira (12), a empresa vencedora do processo licitat\u00f3rio para pavimenta\u00e7\u00e3o do conjunto Nen\u00e9m de Paula Arruda, deu in\u00edcio \u00e0 coloca\u00e7\u00e3o de meio&hellip; <\/p>\n","protected":false},"author":1,"featured_media":169026,"comment_status":"closed","ping_status":"closed","sticky":false,"template":"","format":"standard","meta":{"sfsi_plus_gutenberg_text_before_share":"","sfsi_plus_gutenberg_show_text_before_share":"","sfsi_plus_gutenberg_icon_type":"","sfsi_plus_gutenberg_icon_alignemt":"","sfsi_plus_gutenburg_max_per_row":"","footnotes":""},"categories":[6,50],"tags":[],"class_list":["post-169025","post","type-post","status-publish","format-standard","has-post-thumbnail","hentry","category-cidades","category-destaque"],"_links":{"self":[{"href":"https:\/\/www.caririemacao.com\/1\/wp-json\/wp\/v2\/posts\/169025","targetHints":{"allow":["GET"]}}],"collection":[{"href":"https:\/\/www.caririemacao.com\/1\/wp-json\/wp\/v2\/posts"}],"about":[{"href":"https:\/\/www.caririemacao.com\/1\/wp-json\/wp\/v2\/types\/post"}],"author":[{"embeddable":true,"href":"https:\/\/www.caririemacao.com\/1\/wp-json\/wp\/v2\/users\/1"}],"replies":[{"embeddable":true,"href":"https:\/\/www.caririemacao.com\/1\/wp-json\/wp\/v2\/comments?post=169025"}],"version-history":[{"count":3,"href":"https:\/\/www.caririemacao.com\/1\/wp-json\/wp\/v2\/posts\/169025\/revisions"}],"predecessor-version":[{"id":169036,"href":"https:\/\/www.caririemacao.com\/1\/wp-json\/wp\/v2\/posts\/169025\/revisions\/169036"}],"wp:featuredmedia":[{"embeddable":true,"href":"https:\/\/www.caririemacao.com\/1\/wp-json\/wp\/v2\/media\/169026"}],"wp:attachment":[{"href":"https:\/\/www.caririemacao.com\/1\/wp-json\/wp\/v2\/media?parent=169025"}],"wp:term":[{"taxonomy":"category","embeddable":true,"href":"https:\/\/www.caririemacao.com\/1\/wp-json\/wp\/v2\/categories?post=169025"},{"taxonomy":"post_tag","embeddable":true,"href":"https:\/\/www.caririemacao.com\/1\/wp-json\/wp\/v2\/tags?post=169025"}],"curies":[{"name":"wp","href":"https:\/\/api.w.org\/{rel}","templated":true}]}}