{"id":169030,"date":"2020-05-12T12:54:41","date_gmt":"2020-05-12T15:54:41","guid":{"rendered":"https:\/\/www.caririemacao.com\/1\/?p=169030"},"modified":"2020-05-12T12:54:41","modified_gmt":"2020-05-12T15:54:41","slug":"gerente-de-saude-do-cariri-esta-enviando-testes-rapidos-para-todos-os-municipios-e-recomendacao-agora-e-testar-todos-os-pacientes-com-sindrome-gripal","status":"publish","type":"post","link":"https:\/\/www.caririemacao.com\/1\/2020\/05\/12\/gerente-de-saude-do-cariri-esta-enviando-testes-rapidos-para-todos-os-municipios-e-recomendacao-agora-e-testar-todos-os-pacientes-com-sindrome-gripal\/","title":{"rendered":"Gerente de sa\u00fade do Cariri est\u00e1 enviando testes r\u00e1pidos para todos os munic\u00edpios e recomenda\u00e7\u00e3o agora \u00e9 testar todos os pacientes com s\u00edndrome gripal"},"content":{"rendered":"\n<div class=\"wp-block-image\"><figure class=\"aligncenter\"><img decoding=\"async\" data-src=\"http:\/\/deolhonocariri.com.br\/wp-content\/uploads\/2020\/05\/3f73f519-beff-4610-b354-75b18e2905da.jpeg\" alt=\"\" class=\"wp-image-82148 lazyload\" src=\"data:image\/svg+xml;base64,PHN2ZyB3aWR0aD0iMSIgaGVpZ2h0PSIxIiB4bWxucz0iaHR0cDovL3d3dy53My5vcmcvMjAwMC9zdmciPjwvc3ZnPg==\" \/><\/figure><\/div>\n\n\n\n<p>A gerente regional de sa\u00fade, Ravena Farias, concedeu entrevista \u00e0 Serra Branca FM nesta segunda-feira (11) e revelou que a regional do Cariri recebeu do Governo do Estado 100 caixas de testes r\u00e1pidos.<\/p>\n\n\n\n<p>O material ser\u00e1 destinado a todos os munic\u00edpios da regi\u00e3o e a quantidade ser\u00e1 estipulada pela quantidade de casos suspeitos ou confirmados de Covid-19 por cidade. Segundo Ravena Farias, a recomenda\u00e7\u00e3o da Secretaria de Sa\u00fade do Estado agora \u00e9 testar o m\u00e1ximo de pessoas, desde que estejam com alguma s\u00edndrome gripal.<\/p>\n\n\n\n<p>Ravena disse que recebeu da SES a garantia de reposi\u00e7\u00e3o de testes ao passo em que esta remessa for acabando.<\/p>\n\n\n\n<p>A gerente explicou que os pacientes que tenham algum sintoma de gripe deve agendar com sua unidade de sa\u00fade a realiza\u00e7\u00e3o do teste r\u00e1pido para o dia apropriado e ficar em quarentena para evitar a dissemina\u00e7\u00e3o da Covid-19.<\/p>\n\n\n\n<p>Ravena ainda elogiou a realiza\u00e7\u00e3o de barreiras sanit\u00e1rias por parte de alguns munic\u00edpios da regi\u00e3o e disse que a estrat\u00e9gia \u00e9 uma importante a\u00e7\u00e3o de preven\u00e7\u00e3o \u00e0 doen\u00e7a.<\/p>\n\n\n\n<p><strong>De Olho no Cariri<\/strong><\/p>\n","protected":false},"excerpt":{"rendered":"<p>A gerente regional de sa\u00fade, Ravena Farias, concedeu entrevista \u00e0 Serra Branca FM nesta segunda-feira (11) e revelou que a regional do Cariri recebeu do&hellip; <\/p>\n","protected":false},"author":2,"featured_media":169031,"comment_status":"closed","ping_status":"closed","sticky":false,"template":"","format":"standard","meta":{"sfsi_plus_gutenberg_text_before_share":"","sfsi_plus_gutenberg_show_text_before_share":"","sfsi_plus_gutenberg_icon_type":"","sfsi_plus_gutenberg_icon_alignemt":"","sfsi_plus_gutenburg_max_per_row":"","footnotes":""},"categories":[6],"tags":[],"class_list":["post-169030","post","type-post","status-publish","format-standard","has-post-thumbnail","hentry","category-cidades"],"_links":{"self":[{"href":"https:\/\/www.caririemacao.com\/1\/wp-json\/wp\/v2\/posts\/169030","targetHints":{"allow":["GET"]}}],"collection":[{"href":"https:\/\/www.caririemacao.com\/1\/wp-json\/wp\/v2\/posts"}],"about":[{"href":"https:\/\/www.caririemacao.com\/1\/wp-json\/wp\/v2\/types\/post"}],"author":[{"embeddable":true,"href":"https:\/\/www.caririemacao.com\/1\/wp-json\/wp\/v2\/users\/2"}],"replies":[{"embeddable":true,"href":"https:\/\/www.caririemacao.com\/1\/wp-json\/wp\/v2\/comments?post=169030"}],"version-history":[{"count":1,"href":"https:\/\/www.caririemacao.com\/1\/wp-json\/wp\/v2\/posts\/169030\/revisions"}],"predecessor-version":[{"id":169032,"href":"https:\/\/www.caririemacao.com\/1\/wp-json\/wp\/v2\/posts\/169030\/revisions\/169032"}],"wp:featuredmedia":[{"embeddable":true,"href":"https:\/\/www.caririemacao.com\/1\/wp-json\/wp\/v2\/media\/169031"}],"wp:attachment":[{"href":"https:\/\/www.caririemacao.com\/1\/wp-json\/wp\/v2\/media?parent=169030"}],"wp:term":[{"taxonomy":"category","embeddable":true,"href":"https:\/\/www.caririemacao.com\/1\/wp-json\/wp\/v2\/categories?post=169030"},{"taxonomy":"post_tag","embeddable":true,"href":"https:\/\/www.caririemacao.com\/1\/wp-json\/wp\/v2\/tags?post=169030"}],"curies":[{"name":"wp","href":"https:\/\/api.w.org\/{rel}","templated":true}]}}