{"id":169039,"date":"2020-05-12T13:13:43","date_gmt":"2020-05-12T16:13:43","guid":{"rendered":"https:\/\/www.caririemacao.com\/1\/?p=169039"},"modified":"2020-05-12T13:13:43","modified_gmt":"2020-05-12T16:13:43","slug":"voce-sabia-que-na-regiao-do-cariri-nao-existe-leitos-de-uti","status":"publish","type":"post","link":"https:\/\/www.caririemacao.com\/1\/2020\/05\/12\/voce-sabia-que-na-regiao-do-cariri-nao-existe-leitos-de-uti\/","title":{"rendered":"Voc\u00ea sabia que na regi\u00e3o do Cariri n\u00e3o existe leitos de UTI?"},"content":{"rendered":"\n<p>Isso mesmo, a regi\u00e3o do Cariri, formada por aproximadamente 160 mil pessoas e 29 cidades,&nbsp; n\u00e3o possui um s\u00f3 leito de unidade de terapia intensiva \u2013 UTI. A regi\u00e3o \u00e9 coberta apenas por hospitais de m\u00e9dia complexidade. No total,&nbsp; s\u00e3o cinco unidades, nas cidades de&nbsp;<strong>Monteiro, Sum\u00e9, Tapero\u00e1, Serra Branca e Boqueir\u00e3o.<\/strong><\/p>\n\n\n\n<p>Recentemente o Governo Federal enviou novos leitos de UTI para Para\u00edba e o Cariri n\u00e3o foi contemplado.<\/p>\n\n\n\n<p>Na regi\u00e3o j\u00e1 existe 37 casos confirmados do coronav\u00edrus e algumas pessoas que precisaram de uma UTI foram atendidos em Campina Grande.<\/p>\n\n\n\n<p>Em tempos de pandemia e da fragilidade da rede de sa\u00fade, o melhor rem\u00e9dio \u00e9 ficar em casa.<\/p>\n\n\n\n<p><strong>Blog do Bruno Lira<\/strong><\/p>\n","protected":false},"excerpt":{"rendered":"<p>Isso mesmo, a regi\u00e3o do Cariri, formada por aproximadamente 160 mil pessoas e 29 cidades,&nbsp; n\u00e3o possui um s\u00f3 leito de unidade de terapia intensiva&hellip; <\/p>\n","protected":false},"author":2,"featured_media":166918,"comment_status":"closed","ping_status":"closed","sticky":false,"template":"","format":"standard","meta":{"sfsi_plus_gutenberg_text_before_share":"","sfsi_plus_gutenberg_show_text_before_share":"","sfsi_plus_gutenberg_icon_type":"","sfsi_plus_gutenberg_icon_alignemt":"","sfsi_plus_gutenburg_max_per_row":"","footnotes":""},"categories":[50,16],"tags":[],"class_list":["post-169039","post","type-post","status-publish","format-standard","has-post-thumbnail","hentry","category-destaque","category-saude"],"_links":{"self":[{"href":"https:\/\/www.caririemacao.com\/1\/wp-json\/wp\/v2\/posts\/169039","targetHints":{"allow":["GET"]}}],"collection":[{"href":"https:\/\/www.caririemacao.com\/1\/wp-json\/wp\/v2\/posts"}],"about":[{"href":"https:\/\/www.caririemacao.com\/1\/wp-json\/wp\/v2\/types\/post"}],"author":[{"embeddable":true,"href":"https:\/\/www.caririemacao.com\/1\/wp-json\/wp\/v2\/users\/2"}],"replies":[{"embeddable":true,"href":"https:\/\/www.caririemacao.com\/1\/wp-json\/wp\/v2\/comments?post=169039"}],"version-history":[{"count":1,"href":"https:\/\/www.caririemacao.com\/1\/wp-json\/wp\/v2\/posts\/169039\/revisions"}],"predecessor-version":[{"id":169040,"href":"https:\/\/www.caririemacao.com\/1\/wp-json\/wp\/v2\/posts\/169039\/revisions\/169040"}],"wp:featuredmedia":[{"embeddable":true,"href":"https:\/\/www.caririemacao.com\/1\/wp-json\/wp\/v2\/media\/166918"}],"wp:attachment":[{"href":"https:\/\/www.caririemacao.com\/1\/wp-json\/wp\/v2\/media?parent=169039"}],"wp:term":[{"taxonomy":"category","embeddable":true,"href":"https:\/\/www.caririemacao.com\/1\/wp-json\/wp\/v2\/categories?post=169039"},{"taxonomy":"post_tag","embeddable":true,"href":"https:\/\/www.caririemacao.com\/1\/wp-json\/wp\/v2\/tags?post=169039"}],"curies":[{"name":"wp","href":"https:\/\/api.w.org\/{rel}","templated":true}]}}