{"id":16904,"date":"2017-03-30T20:39:39","date_gmt":"2017-03-30T23:39:39","guid":{"rendered":"http:\/\/caririemacao.com\/1\/?p=16904"},"modified":"2017-03-30T20:39:39","modified_gmt":"2017-03-30T23:39:39","slug":"ricardo-culpa-imprensa-e-diz-que-desconhece-crise-hidrica","status":"publish","type":"post","link":"https:\/\/www.caririemacao.com\/1\/2017\/03\/30\/ricardo-culpa-imprensa-e-diz-que-desconhece-crise-hidrica\/","title":{"rendered":"Ricardo culpa imprensa e diz que desconhece crise h\u00eddrica"},"content":{"rendered":"<p>O deputado estadual Tovar Correia Lima (PSDB) reproduziu na tribuna da Assembleia Legislativa da Para\u00edba (ALPB), nesta quinta-feira (30), \u00e1udio do governador Ricardo Coutinho (PSB), dizendo que n\u00e3o existe crise h\u00eddrica no Cariri e que o a\u00e7ude de Sum\u00e9, que tem capacidade de 44 milh\u00f5es de metros c\u00fabicos, j\u00e1 acumulou 600 milh\u00f5es de metros c\u00fabicos com uma \u201cchuvarada\u201d, ou seja, mais de 13 vezes que a sua capacidade.<\/p>\n<div>\u00a0\u201cEsse \u00e1udio \u00e9 do governador, dando um banho de desconhecimento sobre a crise h\u00eddrica na regi\u00e3o do Cariri e ainda culpando a imprensa por espalhar que a \u00e1gua n\u00e3o chega nas torneiras do povo. O problema \u00e9 que a popula\u00e7\u00e3o sente na pele e tem que sobreviver com a escassez de \u00e1gua. Coisa que o senhor governador n\u00e3o sabe e n\u00e3o entende por nunca ter passado e n\u00e3o ter sensibilidade para perceber\u201d, disse.<\/div>\n<div><\/div>\n<div>Tovar disse que ficou envergonhado ao ouvir o governador afirmando que o a\u00e7ude de Sum\u00e9 acumulou em uma \u201cchuvarada\u201d a quantidade de \u00e1gua superior ao a\u00e7ude de Coremas. Informou ainda ao gestor estadual que o corpo de \u00e1gua acumulou aproximadamente 2 milh\u00f5es de metros c\u00fabicos e que esses dados podem ser encontrados no site da Ag\u00eancia Executiva de Gest\u00e3o das \u00c1guas do Estado da Para\u00edba (Aesa).<\/div>\n<div><\/div>\n<div>Segundo o deputado, Ricardo Coutinho ataca a imprensa para tirar o foco da sua inoper\u00e2ncia, da sua incapacidade de preparar a Para\u00edba para receber as \u00e1guas do Rio S\u00e3o Francisco. \u201cO Governo do Estado n\u00e3o fez as passagens molhadas, para evitar que algumas comunidades ficassem ilhadas; n\u00e3o fez os esgotamentos das cidades que margeiam os rios receptores, n\u00e3o adequou os mananciais receptores de Po\u00e7\u00f5es e Z\u00e9 Tourinho e n\u00e3o concluiu a adutora que levaria \u00e1gua de Camala\u00fa para os munic\u00edpios de S\u00e3o Jo\u00e3o do Tigre, S\u00e3o Sebasti\u00e3o do Umbuzeiro e Zabel\u00ea\u2019, relatou.<\/div>\n<div><\/div>\n<div>O parlamentar lembrou que as \u00e1guas do S\u00e3o Francisco chegaram \u00e0 Para\u00edba desde o dia 10 de mar\u00e7o, e o Governo n\u00e3o teve sequer a sensibilidade de retomar o abastecimento de Monteiro atrav\u00e9s do A\u00e7ude Po\u00e7\u00f5es, que j\u00e1 atingiu sua cota h\u00e1 dias. \u201cO povo de Monteiro se contentou durante esses vinte e poucos dias em ver as aguas do S\u00e3o Francisco passarem na ponte, na entrada da cidade, sem ter o direito de utiliz\u00e1-la\u201d, afirmou.<\/div>\n<div>\n<p><strong>CARIRI EM A\u00c7\u00c3O<\/strong><\/p>\n<p>Leia mais not\u00edcias em\u00a0<a href=\"http:\/\/www.caririemacao.com\/\">caririemacao.com<\/a>, siga nossa p\u00e1gina no<a href=\"https:\/\/www.facebook.com\/CaririEmAcao\/\">\u00a0Facebook<\/a>\u00a0e\u00a0<a href=\"https:\/\/www.instagram.com\/cariri_em_acao\/?hl=pt-br\">Instagram<\/a>\u00a0veja nossas mat\u00e9rias e fotos. Voc\u00ea tamb\u00e9m pode enviar informa\u00e7\u00f5es \u00e0 Reda\u00e7\u00e3o do Portal Cariri em A\u00e7\u00e3o pelo WhatsApp (83) 9 9634.5791, (83) 9 9601-1162 ou (83).<\/p>\n<\/div>\n","protected":false},"excerpt":{"rendered":"<p>O deputado estadual Tovar Correia Lima (PSDB) reproduziu na tribuna da Assembleia Legislativa da Para\u00edba (ALPB), nesta quinta-feira (30), \u00e1udio do governador Ricardo Coutinho (PSB),&hellip; <\/p>\n","protected":false},"author":2,"featured_media":16905,"comment_status":"closed","ping_status":"closed","sticky":false,"template":"","format":"standard","meta":{"sfsi_plus_gutenberg_text_before_share":"","sfsi_plus_gutenberg_show_text_before_share":"","sfsi_plus_gutenberg_icon_type":"","sfsi_plus_gutenberg_icon_alignemt":"","sfsi_plus_gutenburg_max_per_row":"","footnotes":""},"categories":[11],"tags":[],"class_list":["post-16904","post","type-post","status-publish","format-standard","has-post-thumbnail","hentry","category-politica"],"_links":{"self":[{"href":"https:\/\/www.caririemacao.com\/1\/wp-json\/wp\/v2\/posts\/16904","targetHints":{"allow":["GET"]}}],"collection":[{"href":"https:\/\/www.caririemacao.com\/1\/wp-json\/wp\/v2\/posts"}],"about":[{"href":"https:\/\/www.caririemacao.com\/1\/wp-json\/wp\/v2\/types\/post"}],"author":[{"embeddable":true,"href":"https:\/\/www.caririemacao.com\/1\/wp-json\/wp\/v2\/users\/2"}],"replies":[{"embeddable":true,"href":"https:\/\/www.caririemacao.com\/1\/wp-json\/wp\/v2\/comments?post=16904"}],"version-history":[{"count":0,"href":"https:\/\/www.caririemacao.com\/1\/wp-json\/wp\/v2\/posts\/16904\/revisions"}],"wp:featuredmedia":[{"embeddable":true,"href":"https:\/\/www.caririemacao.com\/1\/wp-json\/wp\/v2\/media\/16905"}],"wp:attachment":[{"href":"https:\/\/www.caririemacao.com\/1\/wp-json\/wp\/v2\/media?parent=16904"}],"wp:term":[{"taxonomy":"category","embeddable":true,"href":"https:\/\/www.caririemacao.com\/1\/wp-json\/wp\/v2\/categories?post=16904"},{"taxonomy":"post_tag","embeddable":true,"href":"https:\/\/www.caririemacao.com\/1\/wp-json\/wp\/v2\/tags?post=16904"}],"curies":[{"name":"wp","href":"https:\/\/api.w.org\/{rel}","templated":true}]}}