{"id":169052,"date":"2020-05-12T14:17:27","date_gmt":"2020-05-12T17:17:27","guid":{"rendered":"https:\/\/www.caririemacao.com\/1\/?p=169052"},"modified":"2020-05-12T14:17:27","modified_gmt":"2020-05-12T17:17:27","slug":"brasil-ultrapassa-117-mil-mortes-por-coronavirus","status":"publish","type":"post","link":"https:\/\/www.caririemacao.com\/1\/2020\/05\/12\/brasil-ultrapassa-117-mil-mortes-por-coronavirus\/","title":{"rendered":"Brasil ultrapassa 11,7 mil mortes por Coronav\u00edrus"},"content":{"rendered":"\n<p>Veja os dados sobre o coronav\u00edrus no Brasil nesta ter\u00e7a-feira (12), segundo levantamento exclusivo do G1 junto \u00e0s secretarias estaduais de sa\u00fade. Foram registradas 11.701 mortes provocadas pela Covid-19 e 170.021 casos confirmados da doen\u00e7a em todo o pa\u00eds at\u00e9 esta ter\u00e7a (12).<\/p>\n\n\n\n<p>O balan\u00e7o do Minist\u00e9rio da Sa\u00fade divulgado nesta segunda-feira (11) informa 11.519 mortos e 168.331 casos.<\/p>\n\n\n\n<p><strong>Taxa de ocupa\u00e7\u00e3o de leitos de UTI<\/strong><\/p>\n\n\n\n<p>Acre \u2013 23,3% em todo o estado em 28\/4<br>Alagoas \u2013 62,00% em todo o estado da rede p\u00fablica e contratualizados em 11\/5<br>Amazonas \u2013 90% em todo o estado em 5\/5<br>Bahia \u2013 52% em todo o estado em 5\/5<br>Cear\u00e1 \u2013 90% em todo o estado em 2\/5<br>Esp\u00edrito Santo &#8211; 62,93% em todo o estado em 6\/5<br>Maranh\u00e3o \u2013 97,81% na capital em 10\/5<br>Mato Grosso \u2013 9,6% dos leitos de UTI da rede p\u00fablica em todo o estado em 6\/5<br>Mato Grosso do Sul \u2013 2,6% em todo o estado em 27\/4<br>Minas Gerais \u2013 59% em todo o estado em 5\/5<br>Par\u00e1 \u2013 87,19% em todo o estado em 7\/5<br>Para\u00edba \u2013 51% em todo o estado em 6\/5<br>Paran\u00e1 \u2013 29,50% em todo o estado em 7\/5<br>Piau\u00ed &#8211; 41,80% em todo o estado em 7\/5<br>Pernambuco \u201352,20% em todo o estado em 7\/5<br>Rio de Janeiro \u2013 98% em todo o estado em 4\/5<br>Rio Grande do Norte \u2013 33% em todo o estado em 22\/4<br>Rio Grande do Sul \u2013 71,70% em todo o estado em 7\/5<br>Rond\u00f4nia \u2013 31,60% em todo o estado em 11\/05<br>Santa Catarina \u2013 17,03% do sistema p\u00fablico em todo o estado em 6\/5<br>S\u00e3o Paulo \u2013 68,20% em todo o estado em 11\/5<br>Sergipe \u2013 51,00% do sistema p\u00fablico em todo o estado em 11\/5<br>Tocantins \u2013 35% dos leitos ocupados em 8\/5<\/p>\n\n\n\n<p>Amap\u00e1, Distrito Federal, Goi\u00e1s e Roraima n\u00e3o divulgaram a taxa de ocupa\u00e7\u00e3o.<\/p>\n","protected":false},"excerpt":{"rendered":"<p>Veja os dados sobre o coronav\u00edrus no Brasil nesta ter\u00e7a-feira (12), segundo levantamento exclusivo do G1 junto \u00e0s secretarias estaduais de sa\u00fade. Foram registradas 11.701&hellip; <\/p>\n","protected":false},"author":2,"featured_media":168622,"comment_status":"closed","ping_status":"closed","sticky":false,"template":"","format":"standard","meta":{"sfsi_plus_gutenberg_text_before_share":"","sfsi_plus_gutenberg_show_text_before_share":"","sfsi_plus_gutenberg_icon_type":"","sfsi_plus_gutenberg_icon_alignemt":"","sfsi_plus_gutenburg_max_per_row":"","footnotes":""},"categories":[2],"tags":[],"class_list":["post-169052","post","type-post","status-publish","format-standard","has-post-thumbnail","hentry","category-geral"],"_links":{"self":[{"href":"https:\/\/www.caririemacao.com\/1\/wp-json\/wp\/v2\/posts\/169052","targetHints":{"allow":["GET"]}}],"collection":[{"href":"https:\/\/www.caririemacao.com\/1\/wp-json\/wp\/v2\/posts"}],"about":[{"href":"https:\/\/www.caririemacao.com\/1\/wp-json\/wp\/v2\/types\/post"}],"author":[{"embeddable":true,"href":"https:\/\/www.caririemacao.com\/1\/wp-json\/wp\/v2\/users\/2"}],"replies":[{"embeddable":true,"href":"https:\/\/www.caririemacao.com\/1\/wp-json\/wp\/v2\/comments?post=169052"}],"version-history":[{"count":1,"href":"https:\/\/www.caririemacao.com\/1\/wp-json\/wp\/v2\/posts\/169052\/revisions"}],"predecessor-version":[{"id":169053,"href":"https:\/\/www.caririemacao.com\/1\/wp-json\/wp\/v2\/posts\/169052\/revisions\/169053"}],"wp:featuredmedia":[{"embeddable":true,"href":"https:\/\/www.caririemacao.com\/1\/wp-json\/wp\/v2\/media\/168622"}],"wp:attachment":[{"href":"https:\/\/www.caririemacao.com\/1\/wp-json\/wp\/v2\/media?parent=169052"}],"wp:term":[{"taxonomy":"category","embeddable":true,"href":"https:\/\/www.caririemacao.com\/1\/wp-json\/wp\/v2\/categories?post=169052"},{"taxonomy":"post_tag","embeddable":true,"href":"https:\/\/www.caririemacao.com\/1\/wp-json\/wp\/v2\/tags?post=169052"}],"curies":[{"name":"wp","href":"https:\/\/api.w.org\/{rel}","templated":true}]}}