{"id":169058,"date":"2020-05-12T14:27:32","date_gmt":"2020-05-12T17:27:32","guid":{"rendered":"https:\/\/www.caririemacao.com\/1\/?p=169058"},"modified":"2020-05-12T14:27:32","modified_gmt":"2020-05-12T17:27:32","slug":"auxilio-emergencial-podera-durar-mais-que-tres-meses-diz-secretario","status":"publish","type":"post","link":"https:\/\/www.caririemacao.com\/1\/2020\/05\/12\/auxilio-emergencial-podera-durar-mais-que-tres-meses-diz-secretario\/","title":{"rendered":"Aux\u00edlio emergencial poder\u00e1 durar mais que tr\u00eas meses, diz secret\u00e1rio"},"content":{"rendered":"\n<h1 class=\"wp-block-heading\"><\/h1>\n\n\n\n<p>Criado para aliviar a perda de renda da popula\u00e7\u00e3o afetada pela crise econ\u00f4mica gerada pela&nbsp;Covid-19, o aux\u00edlio emergencial de R$ 600 (R$ 1,2 mil para m\u00e3es solteiras) poder\u00e1 ser mantido ap\u00f3s o fim da pandemia. A afirma\u00e7\u00e3o \u00e9 do secret\u00e1rio especial de Produtividade, Emprego e Competitividade do Minist\u00e9rio da Economia, Carlos da Costa, que participou nessa segunda-feira (11) de transmiss\u00e3o ao vivo promovida pelo banco BTG Pactual.<\/p>\n\n\n\n<p>Segundo Costa, o governo discute se o aux\u00edlio emergencial e outras medidas de socorro dever\u00e3o durar os tr\u00eas meses inicialmente planejados ou se dever\u00e3o ser desmontadas gradualmente, num processo de transi\u00e7\u00e3o para um novo modelo econ\u00f4mico. \u201cN\u00e3o podemos virar a chave e desligar tudo de uma hora para outra\u201d, disse, referindo-se \u00e0 possibilidade de manuten\u00e7\u00e3o do benef\u00edcio no segundo semestre deste ano.<\/p>\n\n\n\n<p>Na avalia\u00e7\u00e3o do secret\u00e1rio, o aux\u00edlio emergencial \u00e9 \u201cextremamente liberal\u201d, nos moldes do Imposto de Renda negativo, em que pessoas abaixo de determinado n\u00edvel de renda recebem pagamentos suplementares do governo em vez de pagarem impostos.<\/p>\n\n\n\n<p>Caso o benef\u00edcio permane\u00e7a, Costa disse que o governo ter\u00e1 de estudar uma forma de financi\u00e1-lo e de mant\u00ea-lo. Segundo ele, o governo pode desmontar o aux\u00edlio emergencial gradualmente, conforme as medidas de recupera\u00e7\u00e3o econ\u00f4mica ou as reformas estruturais prometidas pelo governo antes de a pandemia entrar em vigor.<\/p>\n\n\n\n<p>O secret\u00e1rio ressaltou que a equipe econ\u00f4mica n\u00e3o estuda somente a continuidade do aux\u00edlio emergencial, mas de outras a\u00e7\u00f5es tomadas pelo governo. \u201cTalvez alguns programas tenham vindo para ficar\u201d, disse. Ele, no entanto, n\u00e3o detalhou quais programas poderiam permanecer al\u00e9m do benef\u00edcio de R$ 600.<\/p>\n\n\n\n<p>Costa indicou que medidas de apoio e de desonera\u00e7\u00e3o das empresas possam ser mantidas. Para ele, o \u201cnovo normal\u201d da economia brasileira ser\u00e1 um cen\u00e1rio com \u201cmenos \u00f4nus\u201d sobre os empregadores.<\/p>\n","protected":false},"excerpt":{"rendered":"<p>Criado para aliviar a perda de renda da popula\u00e7\u00e3o afetada pela crise econ\u00f4mica gerada pela&nbsp;Covid-19, o aux\u00edlio emergencial de R$ 600 (R$ 1,2 mil para&hellip; <\/p>\n","protected":false},"author":2,"featured_media":169059,"comment_status":"closed","ping_status":"closed","sticky":false,"template":"","format":"standard","meta":{"sfsi_plus_gutenberg_text_before_share":"","sfsi_plus_gutenberg_show_text_before_share":"","sfsi_plus_gutenberg_icon_type":"","sfsi_plus_gutenberg_icon_alignemt":"","sfsi_plus_gutenburg_max_per_row":"","footnotes":""},"categories":[2],"tags":[],"class_list":["post-169058","post","type-post","status-publish","format-standard","has-post-thumbnail","hentry","category-geral"],"_links":{"self":[{"href":"https:\/\/www.caririemacao.com\/1\/wp-json\/wp\/v2\/posts\/169058","targetHints":{"allow":["GET"]}}],"collection":[{"href":"https:\/\/www.caririemacao.com\/1\/wp-json\/wp\/v2\/posts"}],"about":[{"href":"https:\/\/www.caririemacao.com\/1\/wp-json\/wp\/v2\/types\/post"}],"author":[{"embeddable":true,"href":"https:\/\/www.caririemacao.com\/1\/wp-json\/wp\/v2\/users\/2"}],"replies":[{"embeddable":true,"href":"https:\/\/www.caririemacao.com\/1\/wp-json\/wp\/v2\/comments?post=169058"}],"version-history":[{"count":1,"href":"https:\/\/www.caririemacao.com\/1\/wp-json\/wp\/v2\/posts\/169058\/revisions"}],"predecessor-version":[{"id":169060,"href":"https:\/\/www.caririemacao.com\/1\/wp-json\/wp\/v2\/posts\/169058\/revisions\/169060"}],"wp:featuredmedia":[{"embeddable":true,"href":"https:\/\/www.caririemacao.com\/1\/wp-json\/wp\/v2\/media\/169059"}],"wp:attachment":[{"href":"https:\/\/www.caririemacao.com\/1\/wp-json\/wp\/v2\/media?parent=169058"}],"wp:term":[{"taxonomy":"category","embeddable":true,"href":"https:\/\/www.caririemacao.com\/1\/wp-json\/wp\/v2\/categories?post=169058"},{"taxonomy":"post_tag","embeddable":true,"href":"https:\/\/www.caririemacao.com\/1\/wp-json\/wp\/v2\/tags?post=169058"}],"curies":[{"name":"wp","href":"https:\/\/api.w.org\/{rel}","templated":true}]}}