{"id":169063,"date":"2020-05-12T14:29:22","date_gmt":"2020-05-12T17:29:22","guid":{"rendered":"https:\/\/www.caririemacao.com\/1\/?p=169063"},"modified":"2020-05-12T14:29:22","modified_gmt":"2020-05-12T17:29:22","slug":"oito-estados-anunciam-que-nao-irao-seguir-novas-diretrizes-de-bolsonaro-sobre-servicos-essenciais-durante-pandemia","status":"publish","type":"post","link":"https:\/\/www.caririemacao.com\/1\/2020\/05\/12\/oito-estados-anunciam-que-nao-irao-seguir-novas-diretrizes-de-bolsonaro-sobre-servicos-essenciais-durante-pandemia\/","title":{"rendered":"Oito estados anunciam que n\u00e3o ir\u00e3o seguir novas diretrizes de Bolsonaro sobre servi\u00e7os essenciais durante pandemia"},"content":{"rendered":"\n<h1 class=\"wp-block-heading\"><\/h1>\n\n\n\n<div class=\"wp-block-image\"><figure class=\"aligncenter\"><img decoding=\"async\" data-src=\"http:\/\/deolhonocariri.com.br\/wp-content\/uploads\/2019\/12\/bolsonaro-1.jpg\" alt=\"\" class=\"wp-image-74787 lazyload\" src=\"data:image\/svg+xml;base64,PHN2ZyB3aWR0aD0iMSIgaGVpZ2h0PSIxIiB4bWxucz0iaHR0cDovL3d3dy53My5vcmcvMjAwMC9zdmciPjwvc3ZnPg==\" \/><\/figure><\/div>\n\n\n\n<p>Governos de&nbsp;oito estados&nbsp;se posicionaram nesta segunda-feira (11) contra a inclus\u00e3o na lista de \u201cservi\u00e7os essenciais\u201d as atividades de&nbsp;sal\u00f5es de beleza, barbearias e academias de esportes, conforme decreto editado pelo presidente&nbsp;Jair Bolsonaro&nbsp;e publicado em edi\u00e7\u00e3o extra do \u201cDi\u00e1rio Oficial da Uni\u00e3o.<\/p>\n\n\n\n<p>Afirmaram que n\u00e3o ir\u00e3o seguir as novas diretrizes:<\/p>\n\n\n\n<ul class=\"wp-block-list\"><li>Rui Costa, governador da&nbsp;Bahia<\/li><li>Camilo Santana, governador do&nbsp;Cear\u00e1<\/li><li>Helder Barbalho, governador do&nbsp;Par\u00e1<\/li><li>Jo\u00e3o Azev\u00eado, governador da&nbsp;Para\u00edba<\/li><li>Paulo C\u00e2mara, governador de&nbsp;Pernambuco<\/li><li>Wellington Dias, governador do&nbsp;Piau\u00ed<\/li><li>Wilson Witzel, governador do Rio de Janeiro<\/li><li>Givaldo Ricardo, superintendente de comunica\u00e7\u00e3o do governo de&nbsp;Sergipe<\/li><\/ul>\n\n\n\n<p>Bolsonaro incluiu as atividades de sal\u00f5es de beleza, barbearias e academias de esportes na lista de \u201cservi\u00e7os essenciais\u201d. Isso significa que, no entendimento do governo federal, as atividades podem ser mantidas mesmo durante a&nbsp;pandemia do coronav\u00edrus. Com essa inclus\u00e3o, o n\u00famero de atividades consideradas essenciais chegou a 57.<\/p>\n\n\n\n<p>A medida surpreendeu o&nbsp;ministro da sa\u00fade, Nelson Teich, que foi informado sobre o assunto enquanto concedia entrevista coletiva.<\/p>\n\n\n\n<p>\u201cO que eu acho hoje \u00e9 o seguinte: se voc\u00ea criar um fluxo que impe\u00e7a que as pessoas se contaminem, e se voc\u00ea criar condi\u00e7\u00f5es e pr\u00e9-requisitos para que voc\u00ea n\u00e3o exponha as pessoas ao risco de contamina\u00e7\u00e3o, voc\u00ea pode trabalhar retorno de alguma coisa. Agora, tratar isso como essencial \u00e9 um passo inicial, que foi uma decis\u00e3o do presidente, que ele decidiu isso a\u00ed. Saiu hoje isso? Decis\u00e3o de?\u201d, disse Teich.<\/p>\n\n\n\n<p>\u201cA decis\u00e3o de atividades essenciais \u00e9 uma coisa definida pelo Minist\u00e9rio da Economia. E o que eu realmente acredito \u00e9 que qualquer decis\u00e3o que envolva a defini\u00e7\u00e3o como essencial ou n\u00e3o, ela passa pela tua capacidade de fazer isso de uma forma que proteja as pessoas. S\u00f3 para deixar claro que isso \u00e9 uma decis\u00e3o do Minist\u00e9rio da Economia. N\u00e3o \u00e9 nossa\u201d, completou o ministro.<\/p>\n\n\n\n<p><em>G1&nbsp;<\/em><\/p>\n","protected":false},"excerpt":{"rendered":"<p>Governos de&nbsp;oito estados&nbsp;se posicionaram nesta segunda-feira (11) contra a inclus\u00e3o na lista de \u201cservi\u00e7os essenciais\u201d as atividades de&nbsp;sal\u00f5es de beleza, barbearias e academias de esportes,&hellip; <\/p>\n","protected":false},"author":2,"featured_media":169064,"comment_status":"closed","ping_status":"closed","sticky":false,"template":"","format":"standard","meta":{"sfsi_plus_gutenberg_text_before_share":"","sfsi_plus_gutenberg_show_text_before_share":"","sfsi_plus_gutenberg_icon_type":"","sfsi_plus_gutenberg_icon_alignemt":"","sfsi_plus_gutenburg_max_per_row":"","footnotes":""},"categories":[2],"tags":[],"class_list":["post-169063","post","type-post","status-publish","format-standard","has-post-thumbnail","hentry","category-geral"],"_links":{"self":[{"href":"https:\/\/www.caririemacao.com\/1\/wp-json\/wp\/v2\/posts\/169063","targetHints":{"allow":["GET"]}}],"collection":[{"href":"https:\/\/www.caririemacao.com\/1\/wp-json\/wp\/v2\/posts"}],"about":[{"href":"https:\/\/www.caririemacao.com\/1\/wp-json\/wp\/v2\/types\/post"}],"author":[{"embeddable":true,"href":"https:\/\/www.caririemacao.com\/1\/wp-json\/wp\/v2\/users\/2"}],"replies":[{"embeddable":true,"href":"https:\/\/www.caririemacao.com\/1\/wp-json\/wp\/v2\/comments?post=169063"}],"version-history":[{"count":1,"href":"https:\/\/www.caririemacao.com\/1\/wp-json\/wp\/v2\/posts\/169063\/revisions"}],"predecessor-version":[{"id":169065,"href":"https:\/\/www.caririemacao.com\/1\/wp-json\/wp\/v2\/posts\/169063\/revisions\/169065"}],"wp:featuredmedia":[{"embeddable":true,"href":"https:\/\/www.caririemacao.com\/1\/wp-json\/wp\/v2\/media\/169064"}],"wp:attachment":[{"href":"https:\/\/www.caririemacao.com\/1\/wp-json\/wp\/v2\/media?parent=169063"}],"wp:term":[{"taxonomy":"category","embeddable":true,"href":"https:\/\/www.caririemacao.com\/1\/wp-json\/wp\/v2\/categories?post=169063"},{"taxonomy":"post_tag","embeddable":true,"href":"https:\/\/www.caririemacao.com\/1\/wp-json\/wp\/v2\/tags?post=169063"}],"curies":[{"name":"wp","href":"https:\/\/api.w.org\/{rel}","templated":true}]}}