{"id":169067,"date":"2020-05-12T17:55:35","date_gmt":"2020-05-12T20:55:35","guid":{"rendered":"https:\/\/www.caririemacao.com\/1\/?p=169067"},"modified":"2020-05-12T17:55:35","modified_gmt":"2020-05-12T20:55:35","slug":"secretaria-de-saude-de-amparo-parabeniza-todos-os-profissionais-de-enfermagem-pela-passagem-do-seu-dia","status":"publish","type":"post","link":"https:\/\/www.caririemacao.com\/1\/2020\/05\/12\/secretaria-de-saude-de-amparo-parabeniza-todos-os-profissionais-de-enfermagem-pela-passagem-do-seu-dia\/","title":{"rendered":"Secretaria de Sa\u00fade de Amparo parabeniza todos os Profissionais de Enfermagem pela passagem do seu dia"},"content":{"rendered":"\n<p>&#8220;Do fundo do meu cora\u00e7\u00e3o, quero agradecer e dar os parab\u00e9ns a todos os profissionais de enfermagem que t\u00eam demonstrado ter a coragem e a determina\u00e7\u00e3o para serem os verdadeiros her\u00f3is da na\u00e7\u00e3o&#8221; disse Ver\u00f4nica Rafael<\/p>\n\n\n\n<p>Todos devemos a voc\u00eas a nossa eterna gratid\u00e3o e aplaudimos de p\u00e9 os esfor\u00e7os que dispendem no cuidado dos nossos doentes. Todos os enfermeiros e enfermeiras da nossa cidade est\u00e3o de parab\u00e9ns&#8221;, concluiu Ver\u00f4nica Rafael, Secret\u00e1ria de Sa\u00fade de Amparo. <\/p>\n","protected":false},"excerpt":{"rendered":"<p>&#8220;Do fundo do meu cora\u00e7\u00e3o, quero agradecer e dar os parab\u00e9ns a todos os profissionais de enfermagem que t\u00eam demonstrado ter a coragem e a&hellip; <\/p>\n","protected":false},"author":1,"featured_media":169069,"comment_status":"closed","ping_status":"closed","sticky":false,"template":"","format":"standard","meta":{"sfsi_plus_gutenberg_text_before_share":"","sfsi_plus_gutenberg_show_text_before_share":"","sfsi_plus_gutenberg_icon_type":"","sfsi_plus_gutenberg_icon_alignemt":"","sfsi_plus_gutenburg_max_per_row":"","footnotes":""},"categories":[6,50],"tags":[],"class_list":["post-169067","post","type-post","status-publish","format-standard","has-post-thumbnail","hentry","category-cidades","category-destaque"],"_links":{"self":[{"href":"https:\/\/www.caririemacao.com\/1\/wp-json\/wp\/v2\/posts\/169067","targetHints":{"allow":["GET"]}}],"collection":[{"href":"https:\/\/www.caririemacao.com\/1\/wp-json\/wp\/v2\/posts"}],"about":[{"href":"https:\/\/www.caririemacao.com\/1\/wp-json\/wp\/v2\/types\/post"}],"author":[{"embeddable":true,"href":"https:\/\/www.caririemacao.com\/1\/wp-json\/wp\/v2\/users\/1"}],"replies":[{"embeddable":true,"href":"https:\/\/www.caririemacao.com\/1\/wp-json\/wp\/v2\/comments?post=169067"}],"version-history":[{"count":1,"href":"https:\/\/www.caririemacao.com\/1\/wp-json\/wp\/v2\/posts\/169067\/revisions"}],"predecessor-version":[{"id":169071,"href":"https:\/\/www.caririemacao.com\/1\/wp-json\/wp\/v2\/posts\/169067\/revisions\/169071"}],"wp:featuredmedia":[{"embeddable":true,"href":"https:\/\/www.caririemacao.com\/1\/wp-json\/wp\/v2\/media\/169069"}],"wp:attachment":[{"href":"https:\/\/www.caririemacao.com\/1\/wp-json\/wp\/v2\/media?parent=169067"}],"wp:term":[{"taxonomy":"category","embeddable":true,"href":"https:\/\/www.caririemacao.com\/1\/wp-json\/wp\/v2\/categories?post=169067"},{"taxonomy":"post_tag","embeddable":true,"href":"https:\/\/www.caririemacao.com\/1\/wp-json\/wp\/v2\/tags?post=169067"}],"curies":[{"name":"wp","href":"https:\/\/api.w.org\/{rel}","templated":true}]}}