{"id":16907,"date":"2017-03-30T20:42:54","date_gmt":"2017-03-30T23:42:54","guid":{"rendered":"http:\/\/caririemacao.com\/1\/?p=16907"},"modified":"2017-03-30T20:42:54","modified_gmt":"2017-03-30T23:42:54","slug":"pracas-publicas-recebem-projeto-de-arborizacao-e-transforma-ruas-de-zabele","status":"publish","type":"post","link":"https:\/\/www.caririemacao.com\/1\/2017\/03\/30\/pracas-publicas-recebem-projeto-de-arborizacao-e-transforma-ruas-de-zabele\/","title":{"rendered":"Pra\u00e7as P\u00fablicas recebem projeto de arboriza\u00e7\u00e3o e transforma ruas de Zabel\u00ea"},"content":{"rendered":"<p>As pra\u00e7as p\u00fablicas localizadas no centro da cidade recebem nova arboriza\u00e7\u00e3o transformando a imagem da cidade em verdadeiros cart\u00f5es postais.<\/p>\n<p>A Prefeitura, por meio da Secretaria Municipal de infraestrutura, est\u00e1 desenvolvendo um novo projeto de arboriza\u00e7\u00e3o urbana. O objetivo \u00e9 implantar, na regi\u00e3o central, um projeto paisag\u00edstico modelo, que transforme as ruas de Zabel\u00ea em verdadeiros cart\u00f5es-postais.<\/p>\n<p>Com o novo projeto de arboriza\u00e7\u00e3o urbana, a expectativa \u00e9 n\u00e3o s\u00f3 substituir as \u00e1rvores em risco, mas principalmente estimular o plantio de esp\u00e9cies adequadas, dentro de um modelo moderno de arboriza\u00e7\u00e3o, que n\u00e3o seja prejudicial a redes de saneamento e cal\u00e7adas ou cause qualquer tipo de problema. Segundo o secret\u00e1rio de infraestrutura, Pedro Sator, a meta para os pr\u00f3ximos dias \u00e9 plantar 100 (cem) mudas de \u00e1rvores ac\u00e1cias em torno do centro da cidade.<\/p>\n<p>Posteriormente, as outras ruas tamb\u00e9m ser\u00e3o contempladas. \u201cQueremos estimular a popula\u00e7\u00e3o a realizar o plantio correto nas cal\u00e7adas, levando em conta os benef\u00edcios proporcionados pela arboriza\u00e7\u00e3o urbana, como redu\u00e7\u00e3o de ru\u00eddos, ameniza\u00e7\u00e3o do clima, abrigo para a avifauna, redu\u00e7\u00e3o do escoamento superficial de \u00e1guas pluviais al\u00e9m, \u00e9 claro, do embelezamento das vias\u201d afirmou o prefeito, Dalyson Neves.<\/p>\n<p><strong>CARIRI EM A\u00c7\u00c3O<\/strong><\/p>\n<p>Com Vitrine do Cariri<\/p>\n<p>Leia mais not\u00edcias em\u00a0<a href=\"http:\/\/www.caririemacao.com\/\">caririemacao.com<\/a>, siga nossa p\u00e1gina no<a href=\"https:\/\/www.facebook.com\/CaririEmAcao\/\">\u00a0Facebook<\/a>\u00a0e\u00a0<a href=\"https:\/\/www.instagram.com\/cariri_em_acao\/?hl=pt-br\">Instagram<\/a>\u00a0veja nossas mat\u00e9rias e fotos. Voc\u00ea tamb\u00e9m pode enviar informa\u00e7\u00f5es \u00e0 Reda\u00e7\u00e3o do Portal Cariri em A\u00e7\u00e3o pelo WhatsApp (83) 9 9634.5791, (83) 9 9601-1162 ou (83).<\/p>\n","protected":false},"excerpt":{"rendered":"<p>As pra\u00e7as p\u00fablicas localizadas no centro da cidade recebem nova arboriza\u00e7\u00e3o transformando a imagem da cidade em verdadeiros cart\u00f5es postais. A Prefeitura, por meio da&hellip; <\/p>\n","protected":false},"author":2,"featured_media":16908,"comment_status":"closed","ping_status":"closed","sticky":false,"template":"","format":"standard","meta":{"sfsi_plus_gutenberg_text_before_share":"","sfsi_plus_gutenberg_show_text_before_share":"","sfsi_plus_gutenberg_icon_type":"","sfsi_plus_gutenberg_icon_alignemt":"","sfsi_plus_gutenburg_max_per_row":"","footnotes":""},"categories":[2],"tags":[],"class_list":["post-16907","post","type-post","status-publish","format-standard","has-post-thumbnail","hentry","category-geral"],"_links":{"self":[{"href":"https:\/\/www.caririemacao.com\/1\/wp-json\/wp\/v2\/posts\/16907","targetHints":{"allow":["GET"]}}],"collection":[{"href":"https:\/\/www.caririemacao.com\/1\/wp-json\/wp\/v2\/posts"}],"about":[{"href":"https:\/\/www.caririemacao.com\/1\/wp-json\/wp\/v2\/types\/post"}],"author":[{"embeddable":true,"href":"https:\/\/www.caririemacao.com\/1\/wp-json\/wp\/v2\/users\/2"}],"replies":[{"embeddable":true,"href":"https:\/\/www.caririemacao.com\/1\/wp-json\/wp\/v2\/comments?post=16907"}],"version-history":[{"count":0,"href":"https:\/\/www.caririemacao.com\/1\/wp-json\/wp\/v2\/posts\/16907\/revisions"}],"wp:featuredmedia":[{"embeddable":true,"href":"https:\/\/www.caririemacao.com\/1\/wp-json\/wp\/v2\/media\/16908"}],"wp:attachment":[{"href":"https:\/\/www.caririemacao.com\/1\/wp-json\/wp\/v2\/media?parent=16907"}],"wp:term":[{"taxonomy":"category","embeddable":true,"href":"https:\/\/www.caririemacao.com\/1\/wp-json\/wp\/v2\/categories?post=16907"},{"taxonomy":"post_tag","embeddable":true,"href":"https:\/\/www.caririemacao.com\/1\/wp-json\/wp\/v2\/tags?post=16907"}],"curies":[{"name":"wp","href":"https:\/\/api.w.org\/{rel}","templated":true}]}}