{"id":169072,"date":"2020-05-12T18:02:23","date_gmt":"2020-05-12T21:02:23","guid":{"rendered":"https:\/\/www.caririemacao.com\/1\/?p=169072"},"modified":"2020-05-13T09:01:25","modified_gmt":"2020-05-13T12:01:25","slug":"secretaria-municipal-de-saude-realiza-operacao-contra-o-aedes-aegypti","status":"publish","type":"post","link":"https:\/\/www.caririemacao.com\/1\/2020\/05\/12\/secretaria-municipal-de-saude-realiza-operacao-contra-o-aedes-aegypti\/","title":{"rendered":"Secretaria Municipal de Sa\u00fade de Amparo realiza opera\u00e7\u00e3o contra o Aedes aegypti"},"content":{"rendered":"\n<p>Uma mega opera\u00e7\u00e3o foi realizada nesta ter\u00e7a-feira (12), pela secretaria municipal de sa\u00fade em conjunto com as demais secretarias que comp\u00f5em a Gest\u00e3o Inovando Para Crescer. <\/p>\n\n\n\n<p>O foco da opera\u00e7\u00e3o foi a limpeza dos terrenos baldios na \u00e1rea central da cidade e o conjunto habitacional 8 de Mar\u00e7o. Foram realizadas quatro frentes de trabalho desde a entrada do munic\u00edpio pela PB 248, at\u00e9 o conjunto habitacional Francisco de Paula Arruda sa\u00edda do munic\u00edpio em dire\u00e7\u00e3o a Sum\u00e9. <\/p>\n\n\n\n<p><br>Segundo o prefeito In\u00e1cio N\u00f3brega um dos grandes problemas de ac\u00famulo de res\u00edduos como bolsas pl\u00e1sticas entre outros, s\u00e3o os terrenos pertence \u00e0 particulares. No entanto, sua gest\u00e3o preocupada com a sa\u00fade p\u00fablica, autorizou a limpeza de todos os terrenos atrav\u00e9s da secretaria de obras. <\/p>\n\n\n\n<p>A secret\u00e1ria Veronica Rafael endossou as palavras do prefeito e acrescentou que a preocupa\u00e7\u00e3o da Gest\u00e3o n\u00e3o est\u00e1 voltada apenas para o momento do Covid-19, devemos estar atentos a todos os setores de sa\u00fade p\u00fablica, e a dengue assim como chicungunia e a zika tamb\u00e9m nos preocupa. Mas estamos fazendo aqui um trabalho preventivo. <\/p>\n\n\n\n<p>A preven\u00e7\u00e3o ainda \u00e9 o melhor rem\u00e9dio. Afirmou a secret\u00e1ria.<br>https:\/\/www.instagram.com\/p\/CAGRhd9nS3n\/?igshid=157q5g5zionup<\/p>\n","protected":false},"excerpt":{"rendered":"<p>Uma mega opera\u00e7\u00e3o foi realizada nesta ter\u00e7a-feira (12), pela secretaria municipal de sa\u00fade em conjunto com as demais secretarias que comp\u00f5em a Gest\u00e3o Inovando Para&hellip; <\/p>\n","protected":false},"author":1,"featured_media":169073,"comment_status":"closed","ping_status":"closed","sticky":false,"template":"","format":"standard","meta":{"sfsi_plus_gutenberg_text_before_share":"","sfsi_plus_gutenberg_show_text_before_share":"","sfsi_plus_gutenberg_icon_type":"","sfsi_plus_gutenberg_icon_alignemt":"","sfsi_plus_gutenburg_max_per_row":"","footnotes":""},"categories":[6,50],"tags":[],"class_list":["post-169072","post","type-post","status-publish","format-standard","has-post-thumbnail","hentry","category-cidades","category-destaque"],"_links":{"self":[{"href":"https:\/\/www.caririemacao.com\/1\/wp-json\/wp\/v2\/posts\/169072","targetHints":{"allow":["GET"]}}],"collection":[{"href":"https:\/\/www.caririemacao.com\/1\/wp-json\/wp\/v2\/posts"}],"about":[{"href":"https:\/\/www.caririemacao.com\/1\/wp-json\/wp\/v2\/types\/post"}],"author":[{"embeddable":true,"href":"https:\/\/www.caririemacao.com\/1\/wp-json\/wp\/v2\/users\/1"}],"replies":[{"embeddable":true,"href":"https:\/\/www.caririemacao.com\/1\/wp-json\/wp\/v2\/comments?post=169072"}],"version-history":[{"count":3,"href":"https:\/\/www.caririemacao.com\/1\/wp-json\/wp\/v2\/posts\/169072\/revisions"}],"predecessor-version":[{"id":169210,"href":"https:\/\/www.caririemacao.com\/1\/wp-json\/wp\/v2\/posts\/169072\/revisions\/169210"}],"wp:featuredmedia":[{"embeddable":true,"href":"https:\/\/www.caririemacao.com\/1\/wp-json\/wp\/v2\/media\/169073"}],"wp:attachment":[{"href":"https:\/\/www.caririemacao.com\/1\/wp-json\/wp\/v2\/media?parent=169072"}],"wp:term":[{"taxonomy":"category","embeddable":true,"href":"https:\/\/www.caririemacao.com\/1\/wp-json\/wp\/v2\/categories?post=169072"},{"taxonomy":"post_tag","embeddable":true,"href":"https:\/\/www.caririemacao.com\/1\/wp-json\/wp\/v2\/tags?post=169072"}],"curies":[{"name":"wp","href":"https:\/\/api.w.org\/{rel}","templated":true}]}}