{"id":169076,"date":"2020-05-12T19:16:01","date_gmt":"2020-05-12T22:16:01","guid":{"rendered":"https:\/\/www.caririemacao.com\/1\/?p=169076"},"modified":"2020-05-12T19:16:01","modified_gmt":"2020-05-12T22:16:01","slug":"monteiro-confirma-dois-novos-casos-da-covid-19-doenca-atinge-jovens-de-15-e-25-anos-de-idade","status":"publish","type":"post","link":"https:\/\/www.caririemacao.com\/1\/2020\/05\/12\/monteiro-confirma-dois-novos-casos-da-covid-19-doenca-atinge-jovens-de-15-e-25-anos-de-idade\/","title":{"rendered":"Monteiro confirma dois novos casos da Covid-19; doen\u00e7a atinge jovens de 15 e 25 anos de idade"},"content":{"rendered":"\n<p>A Prefeitura de Monteiro atrav\u00e9s da Secretaria Municipal de Sa\u00fade divulgou no final da tarde desta ter\u00e7a-feira(12) o mais novo boletim epidemiol\u00f3gico municipal, onde foram registrados mais dois casos confirmados de Covid-19 no munic\u00edpio.<\/p>\n\n\n\n<p>Atrav\u00e9s de nota informativa divulgada nas redes socais, a prefeitura relatou sobre os dois novos casos da doen\u00e7a.<\/p>\n\n\n\n<p>O primeiro caso trata-se de um paciente do sexo masculino, 15 anos, que encontra-se no HRSF desde ontem e foi submetido ao teste r\u00e1pido, com resultado POSITIVO. O segundo caso trata-se de uma jovem, 25 anos, que vem sendo monitorada pela Aten\u00e7\u00e3o B\u00e1sica, foi submetida \u00e0 testagem r\u00e1pida apresentando resultado POSITIVO.<\/p>\n\n\n\n<p>A Secretaria Municipal de Sa\u00fade considera casos suspeitos de COVID 19 todas as pessoas que apresentem febre, coriza, tosse, falta de ar ou dor de garganta. Os casos de S\u00edndrome Gripal est\u00e3o sendo monitorados pela vigil\u00e2ncia em sa\u00fade e submetido \u00e0 testagem r\u00e1pida ou coleta de swab, conforme per\u00edodo de sintomas.<\/p>\n\n\n\n<p>Esclarecendo que \u2013 de acordo com os protocolos do Minist\u00e9rio da Sa\u00fade \u2013 a notifica\u00e7\u00e3o imediata dos casos leves de s\u00edndrome gripal deve ser inserida no e-SUS Vigil\u00e2ncia Epidemiol\u00f3gica (e-SUS VE), ferramenta de registro de notifica\u00e7\u00e3o de casos suspeitos e confirmados do novo Coronav\u00edrus. Lembrando que tal medida se aplica a todo territ\u00f3rio Nacional.<\/p>\n\n\n\n<p>A Secretaria Municipal de Sa\u00fade refor\u00e7a a import\u00e2ncia do Isolamento Social, manter distanciamento, al\u00e9m de medidas gerais de preven\u00e7\u00e3o, como tamb\u00e9m uso obrigat\u00f3rio de m\u00e1scaras de acordo com Decreto Estadual n\u00ba 40.217.<\/p>\n\n\n\n<div class=\"wp-block-image\"><figure class=\"aligncenter\"><img decoding=\"async\" data-src=\"http:\/\/deolhonocariri.com.br\/wp-content\/uploads\/2020\/05\/95814113_2917198755061838_4170897983014961152_o.png\" alt=\"\" class=\"wp-image-82276 lazyload\" src=\"data:image\/svg+xml;base64,PHN2ZyB3aWR0aD0iMSIgaGVpZ2h0PSIxIiB4bWxucz0iaHR0cDovL3d3dy53My5vcmcvMjAwMC9zdmciPjwvc3ZnPg==\" \/><\/figure><\/div>\n","protected":false},"excerpt":{"rendered":"<p>A Prefeitura de Monteiro atrav\u00e9s da Secretaria Municipal de Sa\u00fade divulgou no final da tarde desta ter\u00e7a-feira(12) o mais novo boletim epidemiol\u00f3gico municipal, onde foram&hellip; <\/p>\n","protected":false},"author":2,"featured_media":169077,"comment_status":"closed","ping_status":"closed","sticky":false,"template":"","format":"standard","meta":{"sfsi_plus_gutenberg_text_before_share":"","sfsi_plus_gutenberg_show_text_before_share":"","sfsi_plus_gutenberg_icon_type":"","sfsi_plus_gutenberg_icon_alignemt":"","sfsi_plus_gutenburg_max_per_row":"","footnotes":""},"categories":[6],"tags":[],"class_list":["post-169076","post","type-post","status-publish","format-standard","has-post-thumbnail","hentry","category-cidades"],"_links":{"self":[{"href":"https:\/\/www.caririemacao.com\/1\/wp-json\/wp\/v2\/posts\/169076","targetHints":{"allow":["GET"]}}],"collection":[{"href":"https:\/\/www.caririemacao.com\/1\/wp-json\/wp\/v2\/posts"}],"about":[{"href":"https:\/\/www.caririemacao.com\/1\/wp-json\/wp\/v2\/types\/post"}],"author":[{"embeddable":true,"href":"https:\/\/www.caririemacao.com\/1\/wp-json\/wp\/v2\/users\/2"}],"replies":[{"embeddable":true,"href":"https:\/\/www.caririemacao.com\/1\/wp-json\/wp\/v2\/comments?post=169076"}],"version-history":[{"count":1,"href":"https:\/\/www.caririemacao.com\/1\/wp-json\/wp\/v2\/posts\/169076\/revisions"}],"predecessor-version":[{"id":169078,"href":"https:\/\/www.caririemacao.com\/1\/wp-json\/wp\/v2\/posts\/169076\/revisions\/169078"}],"wp:featuredmedia":[{"embeddable":true,"href":"https:\/\/www.caririemacao.com\/1\/wp-json\/wp\/v2\/media\/169077"}],"wp:attachment":[{"href":"https:\/\/www.caririemacao.com\/1\/wp-json\/wp\/v2\/media?parent=169076"}],"wp:term":[{"taxonomy":"category","embeddable":true,"href":"https:\/\/www.caririemacao.com\/1\/wp-json\/wp\/v2\/categories?post=169076"},{"taxonomy":"post_tag","embeddable":true,"href":"https:\/\/www.caririemacao.com\/1\/wp-json\/wp\/v2\/tags?post=169076"}],"curies":[{"name":"wp","href":"https:\/\/api.w.org\/{rel}","templated":true}]}}