{"id":169080,"date":"2020-05-12T19:21:38","date_gmt":"2020-05-12T22:21:38","guid":{"rendered":"https:\/\/www.caririemacao.com\/1\/?p=169080"},"modified":"2020-05-12T20:07:09","modified_gmt":"2020-05-12T23:07:09","slug":"luto-jovem-nao-resiste-e-morre-vitima-de-acidente-no-cariri","status":"publish","type":"post","link":"https:\/\/www.caririemacao.com\/1\/2020\/05\/12\/luto-jovem-nao-resiste-e-morre-vitima-de-acidente-no-cariri\/","title":{"rendered":"LUTO: Jovem n\u00e3o resiste e morre v\u00edtima de acidente no Cariri"},"content":{"rendered":"\n<p>O jovem sumeense Islan Rafael Galdino, v\u00edtima de um grave acidente ocorrido na noite do \u00faltimo domingo, na cidade de Sum\u00e9, veio a \u00f3bito nesta ter\u00e7a-feira, dia 12.<\/p>\n\n\n\n<p>Islan foi socorrido para o Hospital e Maternidade Alice de Almeida em Sum\u00e9 e encaminhado para o Trauma em Campina Grande.<\/p>\n\n\n\n<p>Ele passou por alguns procedimentos cir\u00fargicos mas n\u00e3o resistiu.<\/p>\n\n\n\n<p>A Pol\u00edcia investiga o caso do acidente.<\/p>\n","protected":false},"excerpt":{"rendered":"<p>O jovem sumeense Islan Rafael Galdino, v\u00edtima de um grave acidente ocorrido na noite do \u00faltimo domingo, na cidade de Sum\u00e9, veio a \u00f3bito nesta&hellip; <\/p>\n","protected":false},"author":2,"featured_media":169081,"comment_status":"closed","ping_status":"closed","sticky":false,"template":"","format":"standard","meta":{"sfsi_plus_gutenberg_text_before_share":"","sfsi_plus_gutenberg_show_text_before_share":"","sfsi_plus_gutenberg_icon_type":"","sfsi_plus_gutenberg_icon_alignemt":"","sfsi_plus_gutenburg_max_per_row":"","footnotes":""},"categories":[2],"tags":[],"class_list":["post-169080","post","type-post","status-publish","format-standard","has-post-thumbnail","hentry","category-geral"],"_links":{"self":[{"href":"https:\/\/www.caririemacao.com\/1\/wp-json\/wp\/v2\/posts\/169080","targetHints":{"allow":["GET"]}}],"collection":[{"href":"https:\/\/www.caririemacao.com\/1\/wp-json\/wp\/v2\/posts"}],"about":[{"href":"https:\/\/www.caririemacao.com\/1\/wp-json\/wp\/v2\/types\/post"}],"author":[{"embeddable":true,"href":"https:\/\/www.caririemacao.com\/1\/wp-json\/wp\/v2\/users\/2"}],"replies":[{"embeddable":true,"href":"https:\/\/www.caririemacao.com\/1\/wp-json\/wp\/v2\/comments?post=169080"}],"version-history":[{"count":2,"href":"https:\/\/www.caririemacao.com\/1\/wp-json\/wp\/v2\/posts\/169080\/revisions"}],"predecessor-version":[{"id":169084,"href":"https:\/\/www.caririemacao.com\/1\/wp-json\/wp\/v2\/posts\/169080\/revisions\/169084"}],"wp:featuredmedia":[{"embeddable":true,"href":"https:\/\/www.caririemacao.com\/1\/wp-json\/wp\/v2\/media\/169081"}],"wp:attachment":[{"href":"https:\/\/www.caririemacao.com\/1\/wp-json\/wp\/v2\/media?parent=169080"}],"wp:term":[{"taxonomy":"category","embeddable":true,"href":"https:\/\/www.caririemacao.com\/1\/wp-json\/wp\/v2\/categories?post=169080"},{"taxonomy":"post_tag","embeddable":true,"href":"https:\/\/www.caririemacao.com\/1\/wp-json\/wp\/v2\/tags?post=169080"}],"curies":[{"name":"wp","href":"https:\/\/api.w.org\/{rel}","templated":true}]}}