{"id":169099,"date":"2020-05-13T06:04:34","date_gmt":"2020-05-13T09:04:34","guid":{"rendered":"https:\/\/www.caririemacao.com\/1\/?p=169099"},"modified":"2020-05-13T06:04:34","modified_gmt":"2020-05-13T09:04:34","slug":"governo-da-paraiba-abre-nova-chamada-publica-para-medicos","status":"publish","type":"post","link":"https:\/\/www.caririemacao.com\/1\/2020\/05\/13\/governo-da-paraiba-abre-nova-chamada-publica-para-medicos\/","title":{"rendered":"Governo da Para\u00edba abre nova chamada p\u00fablica para m\u00e9dicos"},"content":{"rendered":"\n<h1 class=\"wp-block-heading\"><\/h1>\n\n\n\n<p>O Governo da Para\u00edba, por meio da Secretaria de Estado da Sa\u00fade (SES), Secretaria de Estado da Administra\u00e7\u00e3o (Sead) e da Escola P\u00fablica do Estado da Para\u00edba (Espep), abriu inscri\u00e7\u00e3o para contrata\u00e7\u00e3o de m\u00e9dicos, em car\u00e1ter emergencial, para a presta\u00e7\u00e3o de servi\u00e7o no combate ao coronav\u00edrus (Covid-19).<\/p>\n\n\n\n<p>O edital foi publicado no Di\u00e1rio Oficial desta ter\u00e7a-feira (12) e as inscri\u00e7\u00f5es v\u00e3o at\u00e9 o dia 17 de maio.<\/p>\n\n\n\n<p>O contrato de trabalho do processo seletivo simplificado ter\u00e1 a validade de 90 dias, podendo ser prorrogado por igual per\u00edodo ou enquanto durar as medidas de preven\u00e7\u00e3o, a crit\u00e9rio da necessidade da SES.<\/p>\n\n\n\n<p>A chamada p\u00fablica tem o objetivo de complementar as a\u00e7\u00f5es do Governo do Estado no combate \u00e0 pandemia. De acordo com o edital, a sele\u00e7\u00e3o ser\u00e1 realizada por meio da prova de t\u00edtulos e comprova\u00e7\u00e3o de experi\u00eancia.<\/p>\n\n\n\n<p>S\u00e3o mais de 240 vagas distribu\u00eddas entre os munic\u00edpios de Jo\u00e3o Pessoa, Cajazeiras, Campina Grande, Pombal, Pianc\u00f3, Patos e Santa Rita.<\/p>\n\n\n\n<p>Os m\u00e9dicos selecionados ser\u00e3o convocados para trabalharem, inicialmente, nos Hospitais, Unidades de Pronto Atendimento (UPA) e no Servi\u00e7o de Transporte Descentralizado da Rede de Servi\u00e7os Estadual e ser\u00e3o convocados de acordo com a necessidade da SES e diante do car\u00e1ter da urg\u00eancia da pandemia, podendo ainda serem realocados para os demais servi\u00e7os de refer\u00eancia de enfrentamento da crise que perten\u00e7am \u00e0 rede estadual de sa\u00fade, se necess\u00e1rio.<\/p>\n\n\n\n<p>O secretario de Sa\u00fade da Para\u00edba, Geraldo Medeiros, afirma que essa chamada p\u00fablica \u00e9 de muita import\u00e2ncia devido ao momento em que a Para\u00edba e o mundo est\u00e3o vivendo.<\/p>\n\n\n\n<p>\u201cEstamos vivendo uma emerg\u00eancia em sa\u00fade p\u00fablica. Ent\u00e3o, \u00e9 fundamental os m\u00e9dicos se aliarem ao Governo do Estado e \u00e0 Secretaria de Estado da Sa\u00fade em um momento como esse, principalmente os jovens que n\u00e3o s\u00e3o fatores de risco. N\u00f3s necessitamos desses profissionais\u201d, destaca.<\/p>\n\n\n\n<p>O candidato interessado poder\u00e1 se inscrever gratuitamente pela internet, no Portal da Cidadania, pelo link:<\/p>\n\n\n\n<figure class=\"wp-block-embed\"><div class=\"wp-block-embed__wrapper\">\n<div class=\"ose-wrapper ose-uid-d771c359710887c3464a73edeb40e35b ose-embedpress-responsive\" style=\"width:600px; height:550px; max-height:550px; max-width:100%; display:inline-block;\" data-embed-type=\"pb\"><iframe allowFullScreen=\"true\" width=\"600\" height=\"550\" data-src=\"https:\/\/portaldacidadania.pb.gov.br\/ConcursoSelecao\/Governo\/Concurso\/ListaConcurso\"  src=\"data:image\/svg+xml;base64,PHN2ZyB3aWR0aD0iMSIgaGVpZ2h0PSIxIiB4bWxucz0iaHR0cDovL3d3dy53My5vcmcvMjAwMC9zdmciPjwvc3ZnPg==\" class=\"lazyload\" data-load-mode=\"1\"> <\/iframe>.<\/div>\n<\/div><\/figure>\n\n\n\n<p>O resultado final ser\u00e1 publicado no Di\u00e1rio Oficial do Estado no dia 26 de maio.<\/p>\n","protected":false},"excerpt":{"rendered":"<p>O Governo da Para\u00edba, por meio da Secretaria de Estado da Sa\u00fade (SES), Secretaria de Estado da Administra\u00e7\u00e3o (Sead) e da Escola P\u00fablica do Estado&hellip; <\/p>\n","protected":false},"author":2,"featured_media":169100,"comment_status":"closed","ping_status":"closed","sticky":false,"template":"","format":"standard","meta":{"sfsi_plus_gutenberg_text_before_share":"","sfsi_plus_gutenberg_show_text_before_share":"","sfsi_plus_gutenberg_icon_type":"","sfsi_plus_gutenberg_icon_alignemt":"","sfsi_plus_gutenburg_max_per_row":"","footnotes":""},"categories":[2],"tags":[],"class_list":["post-169099","post","type-post","status-publish","format-standard","has-post-thumbnail","hentry","category-geral"],"_links":{"self":[{"href":"https:\/\/www.caririemacao.com\/1\/wp-json\/wp\/v2\/posts\/169099","targetHints":{"allow":["GET"]}}],"collection":[{"href":"https:\/\/www.caririemacao.com\/1\/wp-json\/wp\/v2\/posts"}],"about":[{"href":"https:\/\/www.caririemacao.com\/1\/wp-json\/wp\/v2\/types\/post"}],"author":[{"embeddable":true,"href":"https:\/\/www.caririemacao.com\/1\/wp-json\/wp\/v2\/users\/2"}],"replies":[{"embeddable":true,"href":"https:\/\/www.caririemacao.com\/1\/wp-json\/wp\/v2\/comments?post=169099"}],"version-history":[{"count":1,"href":"https:\/\/www.caririemacao.com\/1\/wp-json\/wp\/v2\/posts\/169099\/revisions"}],"predecessor-version":[{"id":169101,"href":"https:\/\/www.caririemacao.com\/1\/wp-json\/wp\/v2\/posts\/169099\/revisions\/169101"}],"wp:featuredmedia":[{"embeddable":true,"href":"https:\/\/www.caririemacao.com\/1\/wp-json\/wp\/v2\/media\/169100"}],"wp:attachment":[{"href":"https:\/\/www.caririemacao.com\/1\/wp-json\/wp\/v2\/media?parent=169099"}],"wp:term":[{"taxonomy":"category","embeddable":true,"href":"https:\/\/www.caririemacao.com\/1\/wp-json\/wp\/v2\/categories?post=169099"},{"taxonomy":"post_tag","embeddable":true,"href":"https:\/\/www.caririemacao.com\/1\/wp-json\/wp\/v2\/tags?post=169099"}],"curies":[{"name":"wp","href":"https:\/\/api.w.org\/{rel}","templated":true}]}}