{"id":16910,"date":"2017-03-30T20:48:09","date_gmt":"2017-03-30T23:48:09","guid":{"rendered":"http:\/\/caririemacao.com\/1\/?p=16910"},"modified":"2017-03-30T20:48:09","modified_gmt":"2017-03-30T23:48:09","slug":"comporta-do-acude-de-camalau-e-aberta-e-agua-do-chico-segue-ate-boqueirao","status":"publish","type":"post","link":"https:\/\/www.caririemacao.com\/1\/2017\/03\/30\/comporta-do-acude-de-camalau-e-aberta-e-agua-do-chico-segue-ate-boqueirao\/","title":{"rendered":"Comporta do a\u00e7ude de Camala\u00fa \u00e9 aberta e \u00e1gua do Chico segue at\u00e9 Boqueir\u00e3o"},"content":{"rendered":"<p>A comporta da parte de tr\u00e1s do a\u00e7ude Z\u00e9 Tourinho, no munic\u00edpio de Camala\u00fa, no Cariri Paraibano, foi aberta na manh\u00e3 desta quinta-feira (30). A \u00e1gua segue agora por gravidade e atrav\u00e9s do Rio Para\u00edba at\u00e9 o a\u00e7ude de Epit\u00e1cio Pessoa, em Boqueir\u00e3o.<\/p>\n<p>O a\u00e7ude de Camala\u00fa atingiu nesta quinta-feira (30) cerca de 10% de sua capacidade de \u00e1gua e por isso a primeira comporta foi aberta, a fim de agilizar a chegada das \u00e1guas ao manancial em Boqueir\u00e3o.<\/p>\n<p>O a\u00e7ude Epit\u00e1cio Pessoa, conhecido como Boqueir\u00e3o, deve receber \u00e1gua da transposi\u00e7\u00e3o at\u00e9 o final de abril, segundo a previs\u00e3o confirmada pela AESA. O manancial tem capacidade para armazenar 411.686.287 metros c\u00fabicos de \u00e1gua e est\u00e1 com pouco mais de 13.000.000 de metros c\u00fabicos.<\/p>\n<p><strong>CARIRI EM A\u00c7\u00c3O<\/strong><\/p>\n<p>Com Vitrine do Cariri<\/p>\n<p>Leia mais not\u00edcias em\u00a0<a href=\"http:\/\/www.caririemacao.com\/\">caririemacao.com<\/a>, siga nossa p\u00e1gina no<a href=\"https:\/\/www.facebook.com\/CaririEmAcao\/\">\u00a0Facebook<\/a>\u00a0e\u00a0<a href=\"https:\/\/www.instagram.com\/cariri_em_acao\/?hl=pt-br\">Instagram<\/a>\u00a0veja nossas mat\u00e9rias e fotos. Voc\u00ea tamb\u00e9m pode enviar informa\u00e7\u00f5es \u00e0 Reda\u00e7\u00e3o do Portal Cariri em A\u00e7\u00e3o pelo WhatsApp (83) 9 9634.5791, (83) 9 9601-1162 ou (83).<\/p>\n","protected":false},"excerpt":{"rendered":"<p>A comporta da parte de tr\u00e1s do a\u00e7ude Z\u00e9 Tourinho, no munic\u00edpio de Camala\u00fa, no Cariri Paraibano, foi aberta na manh\u00e3 desta quinta-feira (30). A&hellip; <\/p>\n","protected":false},"author":2,"featured_media":16912,"comment_status":"closed","ping_status":"closed","sticky":false,"template":"","format":"standard","meta":{"sfsi_plus_gutenberg_text_before_share":"","sfsi_plus_gutenberg_show_text_before_share":"","sfsi_plus_gutenberg_icon_type":"","sfsi_plus_gutenberg_icon_alignemt":"","sfsi_plus_gutenburg_max_per_row":"","footnotes":""},"categories":[2],"tags":[],"class_list":["post-16910","post","type-post","status-publish","format-standard","has-post-thumbnail","hentry","category-geral"],"_links":{"self":[{"href":"https:\/\/www.caririemacao.com\/1\/wp-json\/wp\/v2\/posts\/16910","targetHints":{"allow":["GET"]}}],"collection":[{"href":"https:\/\/www.caririemacao.com\/1\/wp-json\/wp\/v2\/posts"}],"about":[{"href":"https:\/\/www.caririemacao.com\/1\/wp-json\/wp\/v2\/types\/post"}],"author":[{"embeddable":true,"href":"https:\/\/www.caririemacao.com\/1\/wp-json\/wp\/v2\/users\/2"}],"replies":[{"embeddable":true,"href":"https:\/\/www.caririemacao.com\/1\/wp-json\/wp\/v2\/comments?post=16910"}],"version-history":[{"count":0,"href":"https:\/\/www.caririemacao.com\/1\/wp-json\/wp\/v2\/posts\/16910\/revisions"}],"wp:featuredmedia":[{"embeddable":true,"href":"https:\/\/www.caririemacao.com\/1\/wp-json\/wp\/v2\/media\/16912"}],"wp:attachment":[{"href":"https:\/\/www.caririemacao.com\/1\/wp-json\/wp\/v2\/media?parent=16910"}],"wp:term":[{"taxonomy":"category","embeddable":true,"href":"https:\/\/www.caririemacao.com\/1\/wp-json\/wp\/v2\/categories?post=16910"},{"taxonomy":"post_tag","embeddable":true,"href":"https:\/\/www.caririemacao.com\/1\/wp-json\/wp\/v2\/tags?post=16910"}],"curies":[{"name":"wp","href":"https:\/\/api.w.org\/{rel}","templated":true}]}}