{"id":169111,"date":"2020-05-13T06:21:10","date_gmt":"2020-05-13T09:21:10","guid":{"rendered":"https:\/\/www.caririemacao.com\/1\/?p=169111"},"modified":"2020-05-13T06:21:10","modified_gmt":"2020-05-13T09:21:10","slug":"paraiba-registra-252-novos-casos-de-covid-19-em-24h-estado-ja-soma-154-mortes-e-2-777-infectados","status":"publish","type":"post","link":"https:\/\/www.caririemacao.com\/1\/2020\/05\/13\/paraiba-registra-252-novos-casos-de-covid-19-em-24h-estado-ja-soma-154-mortes-e-2-777-infectados\/","title":{"rendered":"Para\u00edba registra 252 novos casos de covid-19 em 24h; Estado j\u00e1 soma 154 mortes e 2.777 infectados"},"content":{"rendered":"\n<h1 class=\"wp-block-heading\"><\/h1>\n\n\n\n<p>A Secretaria de Estado da Sa\u00fade divulgou, no in\u00edcio da noite desta ter\u00e7a-feira (12), um boletim informativo com os novos n\u00fameros do covid-19 na Para\u00edba.&nbsp;<\/p>\n\n\n\n<p>Confira os dados abaixo:<\/p>\n\n\n\n<ul class=\"wp-block-list\"><li>Casos Confirmados:&nbsp; 2777<\/li><li>Casos Descartados: 3137<\/li><li>\u00d3bitos confirmados: 154<\/li><li>Casos recuperados: 601<\/li><\/ul>\n\n\n\n<p>Nesta ter\u00e7a, 12 de maio, a Para\u00edba registra o maior n\u00famero de casos e \u00f3bitos em um \u00fanico dia, s\u00e3o 252 novos casos de Covid-19 e 15 \u00f3bitos causados pela doen\u00e7a. Assim, a Para\u00edba atinge 2.777 casos de Covid -19.<\/p>\n\n\n\n<p><strong>LEIA MAIS<\/strong>:&nbsp;<a href=\"https:\/\/www.clickpb.com.br\/paraiba\/dono-da-facene-eitel-santiago-silveira-e-levado-pressas-para-hospital-albert-einstein-com-suspeita-de-covid-19-283837.html\">Dono da Facene, Eitel Santiago Silveira, \u00e9 levado \u00e0s pressas para Hospital Albert Einstein com suspeita de Covid-19<\/a><\/p>\n\n\n\n<p>Destes, 154, infelizmente, faleceram e 601 j\u00e1 se recuperaram, segundo informa\u00e7\u00f5es das Secretarias Municipais de Sa\u00fade. Outros 3.137 casos investigados j\u00e1 foram descartados para Covid-19.&nbsp;<\/p>\n\n\n\n<p>Dos leitos de UTI para adultos ativados em todo o Estado, 65% est\u00e3o ocupados.&nbsp;<\/p>\n\n\n\n<p>Na Regi\u00e3o Metropolitana de Jo\u00e3o Pessoa, a taxa de ocupa\u00e7\u00e3o \u00e9 de 81%. O \u00cdndice de Isolamento social registrado pela Inloco no dia anterior \u00e9 de 44,4%<\/p>\n\n\n\n<p><strong>LEIA MAIS<\/strong>:&nbsp;<a href=\"https:\/\/www.clickpb.com.br\/paraiba\/100-mil-mascaras-sao-distribuidas-para-populacao-em-situacao-de-risco-social-pela-prefeitura-de-joao-pessoa-283831.html\">100 mil m\u00e1scaras s\u00e3o distribu\u00eddas para popula\u00e7\u00e3o em situa\u00e7\u00e3o de risco social pela Prefeitura de Jo\u00e3o Pessoa<\/a><\/p>\n\n\n\n<p>Os casos confirmados est\u00e3o em&nbsp; 113 munic\u00edpios paraibanos:<\/p>\n\n\n\n<p>Alagoa Grande (6); Alagoa Nova (1); Alagoinha (5); Alhandra (34); Ara\u00e7agi (5); Areia (5); Aroeiras (2); Baia da Trai\u00e7\u00e3o (4); Bananeiras (3); Barra de Santana (2); Barra de S\u00e3o Miguel (1); Bayeux (70); Bel\u00e9m (1); Bom Jesus (1); Boqueir\u00e3o (2); Borborema&nbsp; (1);&nbsp; Brejo do Cruz (1); Caapor\u00e3 (54); Cabedelo (113); Cai\u00e7ara (5); Cajazeiras (22); Cajazeirinhas (1) Campina Grande (134); Capim (4);&nbsp; Casserengue (1); Catingueira (1); Condado (14);&nbsp; Conde (22); Congo (3); Coremas (5); Coxixola (3); Cruz do Esp\u00edrito Santo (22); Cuit\u00e9 (1);&nbsp; Cuit\u00e9 de Mamanguape (1); Cuiteg\u00ed (5); Duas Estradas (1); Esperan\u00e7a (4); Gado Bravo (2);&nbsp; Guarabira (103); Gurinh\u00e9m (4); Igaracy (1); Imaculada (3); Ing\u00e1 (1); Itabaiana (10); Itaporanga (2); Itapororoca (5); Itatuba (2); Jo\u00e3o Pessoa (1316); Joca Claudino (1); Juarez T\u00e1vora (1); Juazeirinho (5);&nbsp; Junco do Serid\u00f3 (3); Juripiranga (8);&nbsp; Lagoa de Dentro (2); Lagoa Seca (8); Lucena (12); Malta (1); Mamanguape (10); Mari (26); Mariz\u00f3polis (3); Massaranduba (4); Mataraca (1); Matinhas (1); Matureia (1);&nbsp; Monteiro (5); Mogeiro (1); Mulungu (3); Natuba (1); Nova Floresta (1) Patos (128); Pedras de Fogo (33); Pianc\u00f3 (5); Pilar (7); Pil\u00f5es (1); Pil\u00f5ezinhos (6); Pirpirituba (6); Pitimbu (7); Pocinhos (1);&nbsp; Pombal (2); Princesa Isabel (3); Puxinan\u00e3 (1);&nbsp; Queimadas (6); Rem\u00edgio (9); Riach\u00e3o do Bacamarte (3);&nbsp; Riach\u00e3o do Po\u00e7o (1); Riacho dos Cavalos (2); Rio Tinto (13); Santa Helena (1); Santa Luzia (1); Santa Rita (233); Santa Terezinha (1); S\u00e3o Bento (8); S\u00e3o Jo\u00e3o do Rio do Peixe (6); S\u00e3o Jos\u00e9 de Espinharas (1); S\u00e3o Jos\u00e9 de Piranhas (2); S\u00e3o Jos\u00e9 do Bonfim (1); S\u00e3o Jos\u00e9 do Sabugi (3); S\u00e3o Jos\u00e9 dos Ramos (2); S\u00e3o Miguel de Taipu (2); S\u00e3o Sebasti\u00e3o de Lagoa de Ro\u00e7a (5); Sap\u00e9 (89); Serra Branca (1); Serra da Ra\u00edz (3); Serra Redonda (2); Sert\u00e3ozinho (2); Sobrado (2); Soledade (2); Sousa (42); Tacima (2); Tapero\u00e1 (19); Teixeira (1);&nbsp; Uira\u00fana (1); Umbuzeiro (4).<\/p>\n\n\n\n<p>15 \u00f3bitos foram confirmados nas \u00faltimas 24 h<\/p>\n\n\n\n<p>Mulher, idosa, 83 anos, Hipertensa, obesa, residente em&nbsp; Bayeux,&nbsp; inicio dos sintomas no dia 06\/05\/2020, interna em hospital p\u00fablico e veio a \u00f3bito no dia 11\/05\/2020.<\/p>\n\n\n\n<p>Homem, adulto, 47 anos, diab\u00e9tico, residente em Jo\u00e3o Pessoa, inicio dos sintomas no dia 02\/05\/2020, interno em hospital p\u00fablico e veio a \u00f3bito no dia 11\/05\/2020.&nbsp;<\/p>\n\n\n\n<p>Mulher, adulta, 43 anos, portadora de doen\u00e7a cardiovascular cr\u00f4nica, residente em Santa Rita, inicio dos sintomas no dia 22\/04\/2020, interna&nbsp; em hospital p\u00fablico e veio a \u00f3bito no dia 11\/05\/2020.&nbsp;<\/p>\n\n\n\n<p>Homem, idoso, 86 anos, portador de hipertens\u00e3o, insufici\u00eancia renal, residente em Bayeux, inicio dos sintomas no dia 17\/04\/2020, interno&nbsp; em hospital p\u00fablico e veio a \u00f3bito no dia 10\/05\/2020.<\/p>\n\n\n\n<p>Mulher, idosa, 89 anos, hipertensa, residente em Santa Rita, in\u00edcio dos sintomas no dia 27\/04\/2020, interna&nbsp; em hospital p\u00fablico e veio a \u00f3bito no dia 06\/05\/2020.&nbsp;<\/p>\n\n\n\n<p>Homem, idoso, 72 anos, portador de doen\u00e7a neurol\u00f3gica cr\u00f4nica, residente em Jo\u00e3o Pessoa,&nbsp; inicio dos sintomas no dia 05\/05\/2020, interno em hospital p\u00fablico e veio a \u00f3bito no dia 09\/05\/2020.&nbsp;<\/p>\n\n\n\n<p>Mulher, idosa, 77 anos, sem informa\u00e7\u00e3o de comorbidade,&nbsp; residente em Jo\u00e3o Pessoa, inicio dos sintomas no dia 04\/05\/2020, interna&nbsp; em hospital p\u00fablico e veio a \u00f3bito no dia 11\/05\/2020.&nbsp;<\/p>\n\n\n\n<p>Homem, adulto, 43&nbsp; anos, sem comorbidade, residente em Mogeiro, inicio dos sintomas no dia 10\/04\/2020, internado em hospital p\u00fablico e veio a \u00f3bito no dia 11\/05\/2020.<\/p>\n\n\n\n<p>Mulher, adulta, 49 anos, portadora de Obesidade M\u00f3rbida, Hipertensa, Diab\u00e9tica, residente em&nbsp; Sobrado inicio dos sintomas no dia 02\/04\/2020, interna&nbsp; em hospital p\u00fablico e veio a \u00f3bito no dia 11\/05\/2020.&nbsp;<\/p>\n\n\n\n<p>Homem, adulto, 46 anos, sem comorbidade, residente em&nbsp; Santa Rita, inicio dos sintomas no dia 06\/04\/2020, interno em hospital p\u00fablico e veio a \u00f3bito no dia 03\/05\/2020.&nbsp;<\/p>\n\n\n\n<p>Homem, idoso, 82 anos, com comorbidade, Hipertenso, residente em Sap\u00e9, inicio dos sintomas no dia 01\/05\/2020, internado&nbsp; em hospital p\u00fablico e veio a \u00f3bito no dia 12\/05\/2020.&nbsp;<\/p>\n\n\n\n<p>Mulher, adulta, 58 anos, diab\u00e9tica, residente em Sap\u00e9, inicio dos sintomas no dia 28\/04\/2020, interna&nbsp; em hospital p\u00fablico e veio a \u00f3bito no dia 12\/05\/2020.&nbsp;<\/p>\n\n\n\n<p>Mulher, adulta, 43 anos, diab\u00e9tica, residente em S\u00e3o Sebasti\u00e3o da Lagoa de Ro\u00e7a, in\u00edcio dos sintomas no dia 29\/04\/2020, interna&nbsp; em hospital p\u00fablico e veio a \u00f3bito no dia 10\/05\/2020.&nbsp;<\/p>\n\n\n\n<p>Homem, idoso, 91 anos, sem&nbsp; comorbidade, residente em Campina Grande, inicio dos sintomas no dia 05\/05\/2020, interno em hospital p\u00fablico e veio a \u00f3bito no dia 10\/05\/2020.&nbsp;<\/p>\n\n\n\n<p>Homem, idoso, 64 anos, diab\u00e9tico, portador de doen\u00e7a card\u00edaca&nbsp; hipertensiva, residente em&nbsp; Pianc\u00f3, inicio dos sintomas no dia 05\/05\/2020, interna em hospital p\u00fablico e veio a \u00f3bito no dia 12\/05\/2020.<\/p>\n","protected":false},"excerpt":{"rendered":"<p>A Secretaria de Estado da Sa\u00fade divulgou, no in\u00edcio da noite desta ter\u00e7a-feira (12), um boletim informativo com os novos n\u00fameros do covid-19 na Para\u00edba.&nbsp;&hellip; <\/p>\n","protected":false},"author":2,"featured_media":169112,"comment_status":"closed","ping_status":"closed","sticky":false,"template":"","format":"standard","meta":{"sfsi_plus_gutenberg_text_before_share":"","sfsi_plus_gutenberg_show_text_before_share":"","sfsi_plus_gutenberg_icon_type":"","sfsi_plus_gutenberg_icon_alignemt":"","sfsi_plus_gutenburg_max_per_row":"","footnotes":""},"categories":[2],"tags":[],"class_list":["post-169111","post","type-post","status-publish","format-standard","has-post-thumbnail","hentry","category-geral"],"_links":{"self":[{"href":"https:\/\/www.caririemacao.com\/1\/wp-json\/wp\/v2\/posts\/169111","targetHints":{"allow":["GET"]}}],"collection":[{"href":"https:\/\/www.caririemacao.com\/1\/wp-json\/wp\/v2\/posts"}],"about":[{"href":"https:\/\/www.caririemacao.com\/1\/wp-json\/wp\/v2\/types\/post"}],"author":[{"embeddable":true,"href":"https:\/\/www.caririemacao.com\/1\/wp-json\/wp\/v2\/users\/2"}],"replies":[{"embeddable":true,"href":"https:\/\/www.caririemacao.com\/1\/wp-json\/wp\/v2\/comments?post=169111"}],"version-history":[{"count":1,"href":"https:\/\/www.caririemacao.com\/1\/wp-json\/wp\/v2\/posts\/169111\/revisions"}],"predecessor-version":[{"id":169113,"href":"https:\/\/www.caririemacao.com\/1\/wp-json\/wp\/v2\/posts\/169111\/revisions\/169113"}],"wp:featuredmedia":[{"embeddable":true,"href":"https:\/\/www.caririemacao.com\/1\/wp-json\/wp\/v2\/media\/169112"}],"wp:attachment":[{"href":"https:\/\/www.caririemacao.com\/1\/wp-json\/wp\/v2\/media?parent=169111"}],"wp:term":[{"taxonomy":"category","embeddable":true,"href":"https:\/\/www.caririemacao.com\/1\/wp-json\/wp\/v2\/categories?post=169111"},{"taxonomy":"post_tag","embeddable":true,"href":"https:\/\/www.caririemacao.com\/1\/wp-json\/wp\/v2\/tags?post=169111"}],"curies":[{"name":"wp","href":"https:\/\/api.w.org\/{rel}","templated":true}]}}