{"id":169115,"date":"2020-05-13T06:24:10","date_gmt":"2020-05-13T09:24:10","guid":{"rendered":"https:\/\/www.caririemacao.com\/1\/?p=169115"},"modified":"2020-05-13T08:14:57","modified_gmt":"2020-05-13T11:14:57","slug":"se-nao-tem-norma-faz-diz-bolsonaro-sobre-a-reabertura-de-academias-e-saloes-de-beleza","status":"publish","type":"post","link":"https:\/\/www.caririemacao.com\/1\/2020\/05\/13\/se-nao-tem-norma-faz-diz-bolsonaro-sobre-a-reabertura-de-academias-e-saloes-de-beleza\/","title":{"rendered":"Se n\u00e3o tem norma, faz&#8217;, diz Bolsonaro sobre a reabertura de academias e sal\u00f5es de beleza"},"content":{"rendered":"\n<h1 class=\"wp-block-heading\"><\/h1>\n\n\n\n<p> O presidente Jair Bolsonaro (sem partido) disse nesta ter\u00e7a-feira (12) que, se o Minist\u00e9rio da Sa\u00fade n\u00e3o tem normas prontas para garantir a reabertura de academias, sal\u00f5es de beleza e barbearias, deve, ent\u00e3o, providenci\u00e1-las.<\/p>\n\n\n\n<p>&#8220;Est\u00e1 escrito l\u00e1: seguindo norma do Minist\u00e9rio da Sa\u00fade. Se n\u00e3o tem norma, faz&#8221;, disse Bolsonaro nesta tarde durante um passeio \u00e0 rampa do Pal\u00e1cio do Planalto.<\/p>\n\n\n\n<p>Na segunda-feira (11), Bolsonaro publicou decreto incluindo esses tr\u00eas itens na lista de atividades essenciais. Ao ser questionado sobre isso em uma entrevista coletiva, o ministro da Sa\u00fade, Nelson Teich, demonstrou surpresa.<\/p>\n\n\n\n<p>O presidente disse que a inclus\u00e3o de atividades no rol de essenciais \u00e9 atribui\u00e7\u00e3o dele. &#8220;[Se] A cada momento que aparecesse uma profiss\u00e3o fosse ligar para o ministro, n\u00e3o ia trabalhar&#8221;, afirmou.<\/p>\n\n\n\n<p>Questionado sobre que crit\u00e9rios havia adotado para tomar a decis\u00e3o, n\u00e3o quis mais responder sobre o assunto. &#8220;Chega de pergunta&#8221;, disse Bolsonaro.<\/p>\n\n\n\n<p>O presidente voltou a criticar governadores que declararam que n\u00e3o v\u00e3o cumprir o decreto federal que incluiu como atividades essenciais academias, sal\u00f5es de beleza e barbearias.<\/p>\n\n\n\n<p>&#8220;O caminho para quem n\u00e3o quiser cumprir o decreto, tem dois: uma a\u00e7\u00e3o na Justi\u00e7a ou projeto de decreto legislativo no Congresso. Ponto final. Fora isso, \u00e9 a mesma coisa que eu desobedecer uma ordem do Supremo [Tribunal Federal], \u00e9 a mesma coisa. A democracia se faz em cima desta f\u00f3rmula. Eu j\u00e1 entrei com projeto de decreto legislativo, quando eu era deputado, no passado, contra decreto de presidente&#8221;, disse o chefe do Executivo.<\/p>\n\n\n\n<p>Mais cedo, as cr\u00edticas foram em uma rede social. &#8220;Os governadores que n\u00e3o concordam com o decreto podem ajuizar a\u00e7\u00f5es na Justi\u00e7a ou, via congressista, entrar com projeto de decreto legislativo&#8221;, escreveu Bolsonaro no Facebook. &#8220;O afrontar o estado democr\u00e1tico de direito \u00e9 o pior caminho, aflora o indesej\u00e1vel autoritarismo no Brasil. Nossa inten\u00e7\u00e3o \u00e9 atender milh\u00f5es de profissionais, a maioria humildes, que desejam voltar ao trabalho e levar sa\u00fade e renda \u00e0 popula\u00e7\u00e3o&#8221;, concluiu.<\/p>\n\n\n\n<p>Amparados por decis\u00f5es do STF (Supremo Tribunal Federal), governadores disseram que v\u00e3o ignorar o decreto presidencial.<\/p>\n","protected":false},"excerpt":{"rendered":"<p>O presidente Jair Bolsonaro (sem partido) disse nesta ter\u00e7a-feira (12) que, se o Minist\u00e9rio da Sa\u00fade n\u00e3o tem normas prontas para garantir a reabertura de&hellip; <\/p>\n","protected":false},"author":2,"featured_media":169116,"comment_status":"closed","ping_status":"closed","sticky":false,"template":"","format":"standard","meta":{"sfsi_plus_gutenberg_text_before_share":"","sfsi_plus_gutenberg_show_text_before_share":"","sfsi_plus_gutenberg_icon_type":"","sfsi_plus_gutenberg_icon_alignemt":"","sfsi_plus_gutenburg_max_per_row":"","footnotes":""},"categories":[11],"tags":[],"class_list":["post-169115","post","type-post","status-publish","format-standard","has-post-thumbnail","hentry","category-politica"],"_links":{"self":[{"href":"https:\/\/www.caririemacao.com\/1\/wp-json\/wp\/v2\/posts\/169115","targetHints":{"allow":["GET"]}}],"collection":[{"href":"https:\/\/www.caririemacao.com\/1\/wp-json\/wp\/v2\/posts"}],"about":[{"href":"https:\/\/www.caririemacao.com\/1\/wp-json\/wp\/v2\/types\/post"}],"author":[{"embeddable":true,"href":"https:\/\/www.caririemacao.com\/1\/wp-json\/wp\/v2\/users\/2"}],"replies":[{"embeddable":true,"href":"https:\/\/www.caririemacao.com\/1\/wp-json\/wp\/v2\/comments?post=169115"}],"version-history":[{"count":2,"href":"https:\/\/www.caririemacao.com\/1\/wp-json\/wp\/v2\/posts\/169115\/revisions"}],"predecessor-version":[{"id":169199,"href":"https:\/\/www.caririemacao.com\/1\/wp-json\/wp\/v2\/posts\/169115\/revisions\/169199"}],"wp:featuredmedia":[{"embeddable":true,"href":"https:\/\/www.caririemacao.com\/1\/wp-json\/wp\/v2\/media\/169116"}],"wp:attachment":[{"href":"https:\/\/www.caririemacao.com\/1\/wp-json\/wp\/v2\/media?parent=169115"}],"wp:term":[{"taxonomy":"category","embeddable":true,"href":"https:\/\/www.caririemacao.com\/1\/wp-json\/wp\/v2\/categories?post=169115"},{"taxonomy":"post_tag","embeddable":true,"href":"https:\/\/www.caririemacao.com\/1\/wp-json\/wp\/v2\/tags?post=169115"}],"curies":[{"name":"wp","href":"https:\/\/api.w.org\/{rel}","templated":true}]}}