{"id":169119,"date":"2020-05-13T06:29:37","date_gmt":"2020-05-13T09:29:37","guid":{"rendered":"https:\/\/www.caririemacao.com\/1\/?p=169119"},"modified":"2020-05-13T06:29:37","modified_gmt":"2020-05-13T09:29:37","slug":"em-reuniao-bolsonaro-vinculou-mudanca-na-pf-do-rio-a-protecao-de-familia","status":"publish","type":"post","link":"https:\/\/www.caririemacao.com\/1\/2020\/05\/13\/em-reuniao-bolsonaro-vinculou-mudanca-na-pf-do-rio-a-protecao-de-familia\/","title":{"rendered":"Em reuni\u00e3o, Bolsonaro vinculou mudan\u00e7a na PF do Rio a prote\u00e7\u00e3o de fam\u00edlia"},"content":{"rendered":"\n<h1 class=\"wp-block-heading\"><\/h1>\n\n\n\n<p>Bolsonaro teria afirmado que os familiares estariam sendo perseguidos.<\/p>\n\n\n\n<p>O presidente teria dito que n\u00e3o poderia ser surpreendido com informa\u00e7\u00f5es da PF e que ent\u00e3o trocaria, se fosse necess\u00e1rio, o comando da PF e at\u00e9 o ministro da Justi\u00e7a, na ocasi\u00e3o, Sergio Moro.<\/p>\n\n\n\n<p>A troca da Superintend\u00eancia do Rio \u00e9 ponto central das investiga\u00e7\u00f5es envolvendo uma poss\u00edvel interfer\u00eancia do presidente na corpora\u00e7\u00e3o. Segundo o ex-ministro Sergio Moro, Bolsonaro tentava interferir na PF.<\/p>\n\n\n\n<p>Ap\u00f3s a sa\u00edda de Moro, Bolsonaro conseguiu trocar o comando da PF no Rio.<\/p>\n\n\n\n<p>O novo diretor-geral da PF Rolando Souza decidiu trocar a chefia da Superintend\u00eancia da PF no Rio de Janeiro, foco de interesse da fam\u00edlia de Jair Bolsonaro, como revelou o Painel.<\/p>\n\n\n\n<p>Carlos Henrique Oliveira, atual chefe da PF no estado, foi convidado para ser o diretor-executivo, n\u00famero dois na hierarquia do \u00f3rg\u00e3o.<\/p>\n\n\n\n<p>No Alvorada, Bolsonaro disse que n\u00e3o tem nenhum parente investigado pela PF. Mas, como mostrou reportagem da Folha, a PF no Rio tem uma s\u00e9rie de apura\u00e7\u00f5es e interesses que esbarram nele e em sua fam\u00edlia.<\/p>\n\n\n\n<p>A preocupa\u00e7\u00e3o com investiga\u00e7\u00f5es, desconhecimento sobre processos, s\u00edndrome de persegui\u00e7\u00e3o, inimigos pol\u00edticos e fake news s\u00e3o alguns dos principais pontos elencados por pessoas ouvidas pela Folha para tentar desvendar o que h\u00e1 no Rio.<\/p>\n\n\n\n<p>Desde o epis\u00f3dio envolvendo um porteiro do seu condom\u00ednio na Barra da Tijuca, na investiga\u00e7\u00e3o do assassinato de Mairelle Franco (PSOL), Bolsonaro passou a se preocupar ainda mais com o Rio.<\/p>\n\n\n\n<p>O presidente chegou a insinuar que o ocorrido era parte de um plano do governador Wilson Witzel (PSC-RJ). Antes aliados, os dois viraram inimigos pol\u00edticos desde o final do ano passado.<\/p>\n\n\n\n<p>O caso da &#8220;rachadinha&#8221; do ent\u00e3o gabinete de Fl\u00e1vio Bolsonaro na Assembleia do Rio n\u00e3o est\u00e1 com a PF, mas o \u00f3rg\u00e3o tocava na \u00e9poca investiga\u00e7\u00f5es envolvendo personagens em comum.<\/p>\n\n\n\n<p>O Minist\u00e9rio P\u00fablico do Rio de Janeiro abriu em setembro do ano passado dois procedimentos para investigar o vereador Carlos Bolsonaro (PSC) pela suspeita do uso de funcion\u00e1rios fantasmas em seu gabinete e da pr\u00e1tica de &#8220;rachadinha&#8221; \u2013quando o servidor devolve parte do sal\u00e1rio para o parlamentar.<\/p>\n\n\n\n<p>A informa\u00e7\u00e3o sobre a abertura dos procedimentos foi divulgada pela revista \u00c9poca e confirmada pela Folha.<\/p>\n\n\n\n<p>Da mesma maneira que ocorre com outros casos, aliados de Bolsonaro tamb\u00e9m por vezes afirmam que a investiga\u00e7\u00e3o est\u00e1 com a Pol\u00edcia Federal.<\/p>\n","protected":false},"excerpt":{"rendered":"<p>Bolsonaro teria afirmado que os familiares estariam sendo perseguidos. O presidente teria dito que n\u00e3o poderia ser surpreendido com informa\u00e7\u00f5es da PF e que ent\u00e3o&hellip; <\/p>\n","protected":false},"author":2,"featured_media":169120,"comment_status":"closed","ping_status":"closed","sticky":false,"template":"","format":"standard","meta":{"sfsi_plus_gutenberg_text_before_share":"","sfsi_plus_gutenberg_show_text_before_share":"","sfsi_plus_gutenberg_icon_type":"","sfsi_plus_gutenberg_icon_alignemt":"","sfsi_plus_gutenburg_max_per_row":"","footnotes":""},"categories":[11],"tags":[],"class_list":["post-169119","post","type-post","status-publish","format-standard","has-post-thumbnail","hentry","category-politica"],"_links":{"self":[{"href":"https:\/\/www.caririemacao.com\/1\/wp-json\/wp\/v2\/posts\/169119","targetHints":{"allow":["GET"]}}],"collection":[{"href":"https:\/\/www.caririemacao.com\/1\/wp-json\/wp\/v2\/posts"}],"about":[{"href":"https:\/\/www.caririemacao.com\/1\/wp-json\/wp\/v2\/types\/post"}],"author":[{"embeddable":true,"href":"https:\/\/www.caririemacao.com\/1\/wp-json\/wp\/v2\/users\/2"}],"replies":[{"embeddable":true,"href":"https:\/\/www.caririemacao.com\/1\/wp-json\/wp\/v2\/comments?post=169119"}],"version-history":[{"count":1,"href":"https:\/\/www.caririemacao.com\/1\/wp-json\/wp\/v2\/posts\/169119\/revisions"}],"predecessor-version":[{"id":169121,"href":"https:\/\/www.caririemacao.com\/1\/wp-json\/wp\/v2\/posts\/169119\/revisions\/169121"}],"wp:featuredmedia":[{"embeddable":true,"href":"https:\/\/www.caririemacao.com\/1\/wp-json\/wp\/v2\/media\/169120"}],"wp:attachment":[{"href":"https:\/\/www.caririemacao.com\/1\/wp-json\/wp\/v2\/media?parent=169119"}],"wp:term":[{"taxonomy":"category","embeddable":true,"href":"https:\/\/www.caririemacao.com\/1\/wp-json\/wp\/v2\/categories?post=169119"},{"taxonomy":"post_tag","embeddable":true,"href":"https:\/\/www.caririemacao.com\/1\/wp-json\/wp\/v2\/tags?post=169119"}],"curies":[{"name":"wp","href":"https:\/\/api.w.org\/{rel}","templated":true}]}}