{"id":169127,"date":"2020-05-13T06:35:11","date_gmt":"2020-05-13T09:35:11","guid":{"rendered":"https:\/\/www.caririemacao.com\/1\/?p=169127"},"modified":"2020-05-13T06:35:11","modified_gmt":"2020-05-13T09:35:11","slug":"declaracoes-de-bolsonaro-em-reuniao-foram-evidenciadas-em-fatos-posteriores-diz-moro","status":"publish","type":"post","link":"https:\/\/www.caririemacao.com\/1\/2020\/05\/13\/declaracoes-de-bolsonaro-em-reuniao-foram-evidenciadas-em-fatos-posteriores-diz-moro\/","title":{"rendered":"Declara\u00e7\u00f5es de Bolsonaro em reuni\u00e3o foram evidenciadas em fatos posteriores, diz Moro"},"content":{"rendered":"\n<h1 class=\"wp-block-heading\"><\/h1>\n\n\n\n<p>&#8220;Defendo, respeitosamente, a divulga\u00e7\u00e3o do v\u00eddeo, preferencialmente na \u00edntegra, para que os fatos sejam brevemente confirmados&#8221;, disse.<\/p>\n\n\n\n<p>O v\u00eddeo da reuni\u00e3o foi exibido nesta ter\u00e7a-feira (12) na PF em Bras\u00edlia. Moro acompanhou presencialmente a exibi\u00e7\u00e3o ao lado de integrantes da PGR (Procuradoria-Geral da Rep\u00fablica), advogados do ex-ministro e integrantes do governo federal e da PF.<\/p>\n\n\n\n<p>O v\u00eddeo do encontro, ainda sob sigilo, faz parte do inqu\u00e9rito que tramita no STF (Supremo Tribunal Federal) sobre as acusa\u00e7\u00f5es que Moro fez a Bolsonaro de interfer\u00eancia na Pol\u00edcia Federal. O ex-juiz da Lava Jato deixou o Minist\u00e9rio da Justi\u00e7a no dia 24 de abril acusando o presidente.<\/p>\n\n\n\n<p>Segundo pessoas que tiveram acesso \u00e0 grava\u00e7\u00e3o, Bolsonaro vinculou a mudan\u00e7a do superintendente da Pol\u00edcia Federal do Rio de Janeiro a uma prote\u00e7\u00e3o de sua fam\u00edlia.<br>De acordo com os relatos, Bolsonaro disse que trocaria todos da &#8220;seguran\u00e7a&#8221; do Rio, o chefe da \u00e1rea e at\u00e9 o ministro &#8211; na \u00e9poca, o da Justi\u00e7a era Moro, que deixou o governo tr\u00eas dias depois daquela reuni\u00e3o ministerial. Na interpreta\u00e7\u00e3o de quem assistiu ao v\u00eddeo, as palavras foram um recado a Moro.<\/p>\n\n\n\n<p>Em sua nota, ex-ministro vincula as frases do presidente aos epis\u00f3dios que ocorreram nos dias seguintes \u00e0quela reuni\u00e3o.<\/p>\n\n\n\n<p>&#8220;As declara\u00e7\u00f5es feitas na reuni\u00e3o foram evidenciadas, tamb\u00e9m, pelos fatos posteriores: demiss\u00e3o, sem motivo, do Diretor-Geral da PF, troca do Superintendente da PF no RJ, al\u00e9m da minha pr\u00f3pria exonera\u00e7\u00e3o por n\u00e3o concordar com as mudan\u00e7as&#8221;, disse o ex-ministro.<\/p>\n\n\n\n<p>Nesta ter\u00e7a (12), Bolsonaro afirmou, no entanto, que no v\u00eddeo n\u00e3o aparecem as palavras &#8220;Pol\u00edcia Federal&#8221; ou &#8220;superintend\u00eancia&#8221;, mas, questionado por jornalistas se havia falado sobre apura\u00e7\u00f5es envolvendo seus parentes, n\u00e3o negou preocupa\u00e7\u00e3o com a seguran\u00e7a dos filhos.<\/p>\n\n\n\n<p>&#8220;Esse informante, esse vazador&#8230; N\u00e3o existe no v\u00eddeo a palavra Pol\u00edcia Federal, nem superintend\u00eancia. N\u00e3o existem essas palavras&#8221;, declarou Bolsonaro, na rampa do Pal\u00e1cio do Planalto, enquanto seus ministros prestavam depoimento \u00e0 PF.<\/p>\n\n\n\n<p>&#8220;A reuni\u00e3o ministerial sai muita coisa. Agora, n\u00e3o \u00e9 para ser divulgado. A fita tinha que ser, inclusive, destru\u00edda ap\u00f3s aproveitar imagens para divulga\u00e7\u00e3o, ser destru\u00edda. N\u00e3o sei porque n\u00e3o foi. Eu poderia ter falado isso, mas jamais eu ia faltar com a verdade. Por isso resolvi entregar a fita. Se eu tivesse falado que foi destru\u00edda, iam fazer o qu\u00ea? Nada. N\u00e3o tinha o que falar&#8221;, disse o presidente.<\/p>\n\n\n\n<p>De acordo com relatos \u00e0 Folha de S.Paulo, Bolsonaro usou, na reuni\u00e3o, o verbo &#8220;foder&#8221; ao falar do impacto de uma poss\u00edvel persegui\u00e7\u00e3o a seus familiares.<\/p>\n\n\n\n<p>O presidente, segundo pessoas que tiveram acesso \u00e0 grava\u00e7\u00e3o, disse que n\u00e3o poderia ser &#8220;surpreendido&#8221; porque, de acordo com ele, a PF n\u00e3o repassava informa\u00e7\u00f5es.<\/p>\n\n\n\n<p>Bolsonaro teria afirmado que seus familiares e amigos estariam sendo perseguidos e poderiam ser prejudicados. O presidente, segundo relatos, disse que n\u00e3o poderia ser &#8220;surpreendido&#8221; porque, de acordo com ele, a Pol\u00edcia Federal n\u00e3o repassava informa\u00e7\u00f5es.<\/p>\n","protected":false},"excerpt":{"rendered":"<p>&#8220;Defendo, respeitosamente, a divulga\u00e7\u00e3o do v\u00eddeo, preferencialmente na \u00edntegra, para que os fatos sejam brevemente confirmados&#8221;, disse. O v\u00eddeo da reuni\u00e3o foi exibido nesta ter\u00e7a-feira&hellip; <\/p>\n","protected":false},"author":2,"featured_media":169128,"comment_status":"closed","ping_status":"closed","sticky":false,"template":"","format":"standard","meta":{"sfsi_plus_gutenberg_text_before_share":"","sfsi_plus_gutenberg_show_text_before_share":"","sfsi_plus_gutenberg_icon_type":"","sfsi_plus_gutenberg_icon_alignemt":"","sfsi_plus_gutenburg_max_per_row":"","footnotes":""},"categories":[11],"tags":[],"class_list":["post-169127","post","type-post","status-publish","format-standard","has-post-thumbnail","hentry","category-politica"],"_links":{"self":[{"href":"https:\/\/www.caririemacao.com\/1\/wp-json\/wp\/v2\/posts\/169127","targetHints":{"allow":["GET"]}}],"collection":[{"href":"https:\/\/www.caririemacao.com\/1\/wp-json\/wp\/v2\/posts"}],"about":[{"href":"https:\/\/www.caririemacao.com\/1\/wp-json\/wp\/v2\/types\/post"}],"author":[{"embeddable":true,"href":"https:\/\/www.caririemacao.com\/1\/wp-json\/wp\/v2\/users\/2"}],"replies":[{"embeddable":true,"href":"https:\/\/www.caririemacao.com\/1\/wp-json\/wp\/v2\/comments?post=169127"}],"version-history":[{"count":1,"href":"https:\/\/www.caririemacao.com\/1\/wp-json\/wp\/v2\/posts\/169127\/revisions"}],"predecessor-version":[{"id":169129,"href":"https:\/\/www.caririemacao.com\/1\/wp-json\/wp\/v2\/posts\/169127\/revisions\/169129"}],"wp:featuredmedia":[{"embeddable":true,"href":"https:\/\/www.caririemacao.com\/1\/wp-json\/wp\/v2\/media\/169128"}],"wp:attachment":[{"href":"https:\/\/www.caririemacao.com\/1\/wp-json\/wp\/v2\/media?parent=169127"}],"wp:term":[{"taxonomy":"category","embeddable":true,"href":"https:\/\/www.caririemacao.com\/1\/wp-json\/wp\/v2\/categories?post=169127"},{"taxonomy":"post_tag","embeddable":true,"href":"https:\/\/www.caririemacao.com\/1\/wp-json\/wp\/v2\/tags?post=169127"}],"curies":[{"name":"wp","href":"https:\/\/api.w.org\/{rel}","templated":true}]}}