{"id":16914,"date":"2017-03-30T20:49:39","date_gmt":"2017-03-30T23:49:39","guid":{"rendered":"http:\/\/caririemacao.com\/1\/?p=16914"},"modified":"2017-03-30T20:52:48","modified_gmt":"2017-03-30T23:52:48","slug":"acusado-de-assaltar-agencia-bancaria-em-serra-branca-e-preso-no-pernambuco","status":"publish","type":"post","link":"https:\/\/www.caririemacao.com\/1\/2017\/03\/30\/acusado-de-assaltar-agencia-bancaria-em-serra-branca-e-preso-no-pernambuco\/","title":{"rendered":"Acusado de assaltar ag\u00eancia banc\u00e1ria em Serra Branca \u00e9 preso no Pernambuco"},"content":{"rendered":"<p>Foi preso na madrugada desta quarta-feira (29), em Caruaru, no Pernambuco, um homem suspeito de assaltar bancos em Pernambuco e na Para\u00edba. Segundo a Pol\u00edcia Civil, o acusado \u00e9 Jos\u00e9 Antonio da Costa Pereira, de 36 anos.<\/p>\n<p><a href=\"http:\/\/caririemacao.com\/1\/wp-content\/uploads\/2017\/03\/pe.jpg\"><img decoding=\"async\" class=\"size-medium wp-image-16915 aligncenter lazyload\" data-src=\"http:\/\/caririemacao.com\/1\/wp-content\/uploads\/2017\/03\/pe-300x107.jpg\" alt=\"pe\" width=\"300\" height=\"107\" data-srcset=\"https:\/\/www.caririemacao.com\/1\/wp-content\/uploads\/2017\/03\/pe-300x107.jpg 300w, https:\/\/www.caririemacao.com\/1\/wp-content\/uploads\/2017\/03\/pe.jpg 400w\" data-sizes=\"(max-width: 300px) 100vw, 300px\" src=\"data:image\/svg+xml;base64,PHN2ZyB3aWR0aD0iMSIgaGVpZ2h0PSIxIiB4bWxucz0iaHR0cDovL3d3dy53My5vcmcvMjAwMC9zdmciPjwvc3ZnPg==\" style=\"--smush-placeholder-width: 300px; --smush-placeholder-aspect-ratio: 300\/107;\" \/><\/a><\/p>\n<p>Os mandados de pris\u00e3o foram expedidos pela Vara Criminal de Macaparana e cumpridos por policiais da Delegacia de Roubos e Furtos. Segundo a pol\u00edcia, o homem teria participado de diversas a\u00e7\u00f5es contra institui\u00e7\u00f5es financeiras.<\/p>\n<p>Ele teria participado do assalto ao Banco do Brasil de Panelas, em novembro de 2016; ao Banco do Brasil de Jata\u00faba, em outubro de 2016; ao Banco do Brasil de Inaj\u00e1, em agosto de 2016; ao Banco do Brasil de Machados, tamb\u00e9m em agosto de 2016; e ao Banco do Brasil de Serra Branca, na Para\u00edba, em mar\u00e7o de 2016.<\/p>\n<p>Ele foi levado ao Centro de Observa\u00e7\u00e3o e Triagem Professor Everardo Luna (Cotel), em Abreu e Lima.<\/p>\n<p><strong>CARIRI EM A\u00c7\u00c3O<\/strong><\/p>\n<p>Com Vitrine do Cariri<\/p>\n<p>Leia mais not\u00edcias em\u00a0<a href=\"http:\/\/www.caririemacao.com\/\">caririemacao.com<\/a>, siga nossa p\u00e1gina no<a href=\"https:\/\/www.facebook.com\/CaririEmAcao\/\">\u00a0Facebook<\/a>\u00a0e\u00a0<a href=\"https:\/\/www.instagram.com\/cariri_em_acao\/?hl=pt-br\">Instagram<\/a>\u00a0veja nossas mat\u00e9rias e fotos. Voc\u00ea tamb\u00e9m pode enviar informa\u00e7\u00f5es \u00e0 Reda\u00e7\u00e3o do Portal Cariri em A\u00e7\u00e3o pelo WhatsApp (83) 9 9634.5791, (83) 9 9601-1162 ou (83).<\/p>\n","protected":false},"excerpt":{"rendered":"<p>Foi preso na madrugada desta quarta-feira (29), em Caruaru, no Pernambuco, um homem suspeito de assaltar bancos em Pernambuco e na Para\u00edba. Segundo a Pol\u00edcia&hellip; <\/p>\n","protected":false},"author":2,"featured_media":15697,"comment_status":"closed","ping_status":"closed","sticky":false,"template":"","format":"standard","meta":{"sfsi_plus_gutenberg_text_before_share":"","sfsi_plus_gutenberg_show_text_before_share":"","sfsi_plus_gutenberg_icon_type":"","sfsi_plus_gutenberg_icon_alignemt":"","sfsi_plus_gutenburg_max_per_row":"","footnotes":""},"categories":[12],"tags":[],"class_list":["post-16914","post","type-post","status-publish","format-standard","has-post-thumbnail","hentry","category-policia"],"_links":{"self":[{"href":"https:\/\/www.caririemacao.com\/1\/wp-json\/wp\/v2\/posts\/16914","targetHints":{"allow":["GET"]}}],"collection":[{"href":"https:\/\/www.caririemacao.com\/1\/wp-json\/wp\/v2\/posts"}],"about":[{"href":"https:\/\/www.caririemacao.com\/1\/wp-json\/wp\/v2\/types\/post"}],"author":[{"embeddable":true,"href":"https:\/\/www.caririemacao.com\/1\/wp-json\/wp\/v2\/users\/2"}],"replies":[{"embeddable":true,"href":"https:\/\/www.caririemacao.com\/1\/wp-json\/wp\/v2\/comments?post=16914"}],"version-history":[{"count":0,"href":"https:\/\/www.caririemacao.com\/1\/wp-json\/wp\/v2\/posts\/16914\/revisions"}],"wp:featuredmedia":[{"embeddable":true,"href":"https:\/\/www.caririemacao.com\/1\/wp-json\/wp\/v2\/media\/15697"}],"wp:attachment":[{"href":"https:\/\/www.caririemacao.com\/1\/wp-json\/wp\/v2\/media?parent=16914"}],"wp:term":[{"taxonomy":"category","embeddable":true,"href":"https:\/\/www.caririemacao.com\/1\/wp-json\/wp\/v2\/categories?post=16914"},{"taxonomy":"post_tag","embeddable":true,"href":"https:\/\/www.caririemacao.com\/1\/wp-json\/wp\/v2\/tags?post=16914"}],"curies":[{"name":"wp","href":"https:\/\/api.w.org\/{rel}","templated":true}]}}