{"id":169144,"date":"2020-05-13T06:53:06","date_gmt":"2020-05-13T09:53:06","guid":{"rendered":"https:\/\/www.caririemacao.com\/1\/?p=169144"},"modified":"2020-05-13T06:53:06","modified_gmt":"2020-05-13T09:53:06","slug":"prefeitura-de-sume-segue-com-campanhas-educativas-e-distribuicao-de-mascaras-no-comercio","status":"publish","type":"post","link":"https:\/\/www.caririemacao.com\/1\/2020\/05\/13\/prefeitura-de-sume-segue-com-campanhas-educativas-e-distribuicao-de-mascaras-no-comercio\/","title":{"rendered":"Prefeitura de Sum\u00e9 segue com campanhas educativas e distribui\u00e7\u00e3o de m\u00e1scaras no com\u00e9rcio"},"content":{"rendered":"\n<h1 class=\"wp-block-heading\"><\/h1>\n\n\n\n<hr class=\"wp-block-separator\"\/>\n\n\n\n<p><\/p>\n\n\n\n<p>&nbsp;A Prefeitura de Sum\u00e9 em parceria com a Policia Militar realizou mais uma a\u00e7\u00e3o educativa contra o coronav\u00edrus no com\u00e9rcio local e na Avenida 1\u00b0 de Abril.<\/p>\n\n\n\n<p>Na segunda-feira (11), a equipe da Vigil\u00e2ncia Sanit\u00e1ria junto com a Pol\u00edcia Militar orientou a popula\u00e7\u00e3o sobre a import\u00e2ncia do isolamento social e a obrigatoriedade do uso das m\u00e1scaras em locais p\u00fablicos, de acordo com o decreto estadual n\u00b0 40.217, que torna obrigat\u00f3rio o uso da m\u00e1scara em todos os espa\u00e7os p\u00fablicos e estabelecimentos comerciais do Estado da Para\u00edba.<\/p>\n\n\n\n<div class=\"wp-block-image\"><figure class=\"alignleft\"><img decoding=\"async\" data-src=\"https:\/\/i0.wp.com\/www.vitrinedocariri.com.br\/wp-content\/uploads\/2020\/05\/383990b0-308d-4a48-b4bb-fb4b956eef75.jpg?resize=300%2C225&amp;ssl=1\" alt=\"\" class=\"wp-image-70475 lazyload\" src=\"data:image\/svg+xml;base64,PHN2ZyB3aWR0aD0iMSIgaGVpZ2h0PSIxIiB4bWxucz0iaHR0cDovL3d3dy53My5vcmcvMjAwMC9zdmciPjwvc3ZnPg==\" \/><\/figure><\/div>\n\n\n\n<p>Para as pessoas que estavam sem m\u00e1scaras, a Prefeitura realizou a&nbsp;entrega do material.<\/p>\n\n\n\n<p>A Policia Militar e a vigil\u00e2ncia sanit\u00e1ria tamb\u00e9m fiscalizaram novamente as filas de bancos e correspondentes banc\u00e1rios.<\/p>\n\n\n\n<p>De acordo com o coordenador da Vigil\u00e2ncia Sanit\u00e1ria, Ricardo Morato, as a\u00e7\u00f5es ser\u00e3o intensificadas considerando que elas s\u00e3o fundamentais para manterem a popula\u00e7\u00e3o protegida da contamina\u00e7\u00e3o.<\/p>\n","protected":false},"excerpt":{"rendered":"<p>&nbsp;A Prefeitura de Sum\u00e9 em parceria com a Policia Militar realizou mais uma a\u00e7\u00e3o educativa contra o coronav\u00edrus no com\u00e9rcio local e na Avenida 1\u00b0&hellip; <\/p>\n","protected":false},"author":2,"featured_media":169145,"comment_status":"closed","ping_status":"closed","sticky":false,"template":"","format":"standard","meta":{"sfsi_plus_gutenberg_text_before_share":"","sfsi_plus_gutenberg_show_text_before_share":"","sfsi_plus_gutenberg_icon_type":"","sfsi_plus_gutenberg_icon_alignemt":"","sfsi_plus_gutenburg_max_per_row":"","footnotes":""},"categories":[50,2],"tags":[],"class_list":["post-169144","post","type-post","status-publish","format-standard","has-post-thumbnail","hentry","category-destaque","category-geral"],"_links":{"self":[{"href":"https:\/\/www.caririemacao.com\/1\/wp-json\/wp\/v2\/posts\/169144","targetHints":{"allow":["GET"]}}],"collection":[{"href":"https:\/\/www.caririemacao.com\/1\/wp-json\/wp\/v2\/posts"}],"about":[{"href":"https:\/\/www.caririemacao.com\/1\/wp-json\/wp\/v2\/types\/post"}],"author":[{"embeddable":true,"href":"https:\/\/www.caririemacao.com\/1\/wp-json\/wp\/v2\/users\/2"}],"replies":[{"embeddable":true,"href":"https:\/\/www.caririemacao.com\/1\/wp-json\/wp\/v2\/comments?post=169144"}],"version-history":[{"count":1,"href":"https:\/\/www.caririemacao.com\/1\/wp-json\/wp\/v2\/posts\/169144\/revisions"}],"predecessor-version":[{"id":169146,"href":"https:\/\/www.caririemacao.com\/1\/wp-json\/wp\/v2\/posts\/169144\/revisions\/169146"}],"wp:featuredmedia":[{"embeddable":true,"href":"https:\/\/www.caririemacao.com\/1\/wp-json\/wp\/v2\/media\/169145"}],"wp:attachment":[{"href":"https:\/\/www.caririemacao.com\/1\/wp-json\/wp\/v2\/media?parent=169144"}],"wp:term":[{"taxonomy":"category","embeddable":true,"href":"https:\/\/www.caririemacao.com\/1\/wp-json\/wp\/v2\/categories?post=169144"},{"taxonomy":"post_tag","embeddable":true,"href":"https:\/\/www.caririemacao.com\/1\/wp-json\/wp\/v2\/tags?post=169144"}],"curies":[{"name":"wp","href":"https:\/\/api.w.org\/{rel}","templated":true}]}}