{"id":169152,"date":"2020-05-13T06:59:13","date_gmt":"2020-05-13T09:59:13","guid":{"rendered":"https:\/\/www.caririemacao.com\/1\/?p=169152"},"modified":"2020-05-13T06:59:13","modified_gmt":"2020-05-13T09:59:13","slug":"municipio-de-boqueirao-registra-segundo-caso-de-coronavirus","status":"publish","type":"post","link":"https:\/\/www.caririemacao.com\/1\/2020\/05\/13\/municipio-de-boqueirao-registra-segundo-caso-de-coronavirus\/","title":{"rendered":"Munic\u00edpio de Boqueir\u00e3o registra segundo caso de coronav\u00edrus"},"content":{"rendered":"\n<h1 class=\"wp-block-heading\"><\/h1>\n\n\n\n<p>O munic\u00edpio de Boqueir\u00e3o registrou o segundo caso de coronav\u00edrus, nesta ter\u00e7a-feira (12). A informa\u00e7\u00e3o foi confirmada no boletim da Secretaria de Sa\u00fade do munic\u00edpio.<br><br>De acordo com informa\u00e7\u00f5es de Joaneide Leal, se trata de um homem de 49 anos, que chegou do Rio de Janeiro, h\u00e1 15 dias.<br><br>O paciente est\u00e1 em isolamento domiciliar e os familiares em observa\u00e7\u00e3o, monitorados pela Secretaria de Sa\u00fade.<br><br><strong>Blog do Bruno Lira<\/strong><\/p>\n","protected":false},"excerpt":{"rendered":"<p>O munic\u00edpio de Boqueir\u00e3o registrou o segundo caso de coronav\u00edrus, nesta ter\u00e7a-feira (12). A informa\u00e7\u00e3o foi confirmada no boletim da Secretaria de Sa\u00fade do munic\u00edpio.&hellip; <\/p>\n","protected":false},"author":2,"featured_media":169153,"comment_status":"closed","ping_status":"closed","sticky":false,"template":"","format":"standard","meta":{"sfsi_plus_gutenberg_text_before_share":"","sfsi_plus_gutenberg_show_text_before_share":"","sfsi_plus_gutenberg_icon_type":"","sfsi_plus_gutenberg_icon_alignemt":"","sfsi_plus_gutenburg_max_per_row":"","footnotes":""},"categories":[2],"tags":[],"class_list":["post-169152","post","type-post","status-publish","format-standard","has-post-thumbnail","hentry","category-geral"],"_links":{"self":[{"href":"https:\/\/www.caririemacao.com\/1\/wp-json\/wp\/v2\/posts\/169152","targetHints":{"allow":["GET"]}}],"collection":[{"href":"https:\/\/www.caririemacao.com\/1\/wp-json\/wp\/v2\/posts"}],"about":[{"href":"https:\/\/www.caririemacao.com\/1\/wp-json\/wp\/v2\/types\/post"}],"author":[{"embeddable":true,"href":"https:\/\/www.caririemacao.com\/1\/wp-json\/wp\/v2\/users\/2"}],"replies":[{"embeddable":true,"href":"https:\/\/www.caririemacao.com\/1\/wp-json\/wp\/v2\/comments?post=169152"}],"version-history":[{"count":1,"href":"https:\/\/www.caririemacao.com\/1\/wp-json\/wp\/v2\/posts\/169152\/revisions"}],"predecessor-version":[{"id":169154,"href":"https:\/\/www.caririemacao.com\/1\/wp-json\/wp\/v2\/posts\/169152\/revisions\/169154"}],"wp:featuredmedia":[{"embeddable":true,"href":"https:\/\/www.caririemacao.com\/1\/wp-json\/wp\/v2\/media\/169153"}],"wp:attachment":[{"href":"https:\/\/www.caririemacao.com\/1\/wp-json\/wp\/v2\/media?parent=169152"}],"wp:term":[{"taxonomy":"category","embeddable":true,"href":"https:\/\/www.caririemacao.com\/1\/wp-json\/wp\/v2\/categories?post=169152"},{"taxonomy":"post_tag","embeddable":true,"href":"https:\/\/www.caririemacao.com\/1\/wp-json\/wp\/v2\/tags?post=169152"}],"curies":[{"name":"wp","href":"https:\/\/api.w.org\/{rel}","templated":true}]}}