{"id":169157,"date":"2020-05-13T07:03:21","date_gmt":"2020-05-13T10:03:21","guid":{"rendered":"https:\/\/www.caririemacao.com\/1\/?p=169157"},"modified":"2020-05-13T07:03:21","modified_gmt":"2020-05-13T10:03:21","slug":"lewandowski-decidira-se-bolsonaro-deve-ou-nao-mostrar-resultado-de-exames-de-coronavirus","status":"publish","type":"post","link":"https:\/\/www.caririemacao.com\/1\/2020\/05\/13\/lewandowski-decidira-se-bolsonaro-deve-ou-nao-mostrar-resultado-de-exames-de-coronavirus\/","title":{"rendered":"Lewandowski decidir\u00e1 se Bolsonaro deve ou n\u00e3o mostrar resultado de exames de coronav\u00edrus"},"content":{"rendered":"\n<h1 class=\"wp-block-heading\"><\/h1>\n\n\n\n<p>O ministro Ricardo Lewandowski, do Supremo Tribunal Federal (STF), decidira sobre o pedido do jornal \u201cO Estado de S\u00e3o Paulo\u201d, para ter acesso aos resultados dos exames do presidente Jair Bolsonaro para o coronav\u00edrus. O jornal recorreu a Corte na segunda-feira (11), pedindo a suspens\u00e3o da decis\u00e3o Superior Tribunal de Justi\u00e7a (STJ), que diz que o presidente n\u00e3o precisa mostrar os resultados.<\/p>\n\n\n\n<p>A justi\u00e7a Federal de S\u00e3o Paulo e o TRF-3 (Tribunal Regional Federal da 3\u00ba Regi\u00e3o) foram favor\u00e1veis na decis\u00e3o a publicidade dos exames, mas na \u00faltima sexta-feira (8) o presidente do STJ, ministro Jo\u00e3o Ot\u00e1vio Noronha, atendeu a um recurso da advocacia-Geral da Uni\u00e3o (AGU) e derrubou a decis\u00e3o do TRF-3 e da Justi\u00e7a Federal de S\u00e3o Paulo que obrigavam o presidente a entregar os laudos laboratoriais.<\/p>\n\n\n\n<p>Ao Supremo, o jornal argumentou que a liberdade de imprensa tamb\u00e9m pressup\u00f5e n\u00e3o haver obst\u00e1culos para a obten\u00e7\u00e3o de documentos que sejam de interesse p\u00fablico. J\u00e1 o desembargador Andr\u00e9 Nabarrete acredita que dada a import\u00e2ncia do cargo que ocupa para todos os brasileiros e das consequ\u00eancias que contatos pessoais podem provocar, \u00e9 de sumo interesse p\u00fablico que os cidad\u00e3os conhe\u00e7am as condi\u00e7\u00f5es medicas do presidente.<\/p>\n\n\n\n<p>O governo alegou ao STJ que, ainda que se trate de informa\u00e7\u00f5es acerca de agente p\u00fablico, n\u00e3o se pode afastar completamente os direitos a intimidade e a privacidade do ocupante de cargo p\u00fablico. De acordo com a AGU, os resultados dos exames devem preserva a esfera privada de Bolsonaro porque os dados e as informa\u00e7\u00f5es n\u00e3o dizem respeito ao exerc\u00edcio de sua fun\u00e7\u00e3o.<\/p>\n\n\n\n<p>O presidente Bolsonaro fez exames para Covid-19 e afirma que nos resultados testou negativo, no entanto tem se recusado a mostrar os exames.<\/p>\n","protected":false},"excerpt":{"rendered":"<p>O ministro Ricardo Lewandowski, do Supremo Tribunal Federal (STF), decidira sobre o pedido do jornal \u201cO Estado de S\u00e3o Paulo\u201d, para ter acesso aos resultados&hellip; <\/p>\n","protected":false},"author":2,"featured_media":169158,"comment_status":"closed","ping_status":"closed","sticky":false,"template":"","format":"standard","meta":{"sfsi_plus_gutenberg_text_before_share":"","sfsi_plus_gutenberg_show_text_before_share":"","sfsi_plus_gutenberg_icon_type":"","sfsi_plus_gutenberg_icon_alignemt":"","sfsi_plus_gutenburg_max_per_row":"","footnotes":""},"categories":[2],"tags":[],"class_list":["post-169157","post","type-post","status-publish","format-standard","has-post-thumbnail","hentry","category-geral"],"_links":{"self":[{"href":"https:\/\/www.caririemacao.com\/1\/wp-json\/wp\/v2\/posts\/169157","targetHints":{"allow":["GET"]}}],"collection":[{"href":"https:\/\/www.caririemacao.com\/1\/wp-json\/wp\/v2\/posts"}],"about":[{"href":"https:\/\/www.caririemacao.com\/1\/wp-json\/wp\/v2\/types\/post"}],"author":[{"embeddable":true,"href":"https:\/\/www.caririemacao.com\/1\/wp-json\/wp\/v2\/users\/2"}],"replies":[{"embeddable":true,"href":"https:\/\/www.caririemacao.com\/1\/wp-json\/wp\/v2\/comments?post=169157"}],"version-history":[{"count":1,"href":"https:\/\/www.caririemacao.com\/1\/wp-json\/wp\/v2\/posts\/169157\/revisions"}],"predecessor-version":[{"id":169159,"href":"https:\/\/www.caririemacao.com\/1\/wp-json\/wp\/v2\/posts\/169157\/revisions\/169159"}],"wp:featuredmedia":[{"embeddable":true,"href":"https:\/\/www.caririemacao.com\/1\/wp-json\/wp\/v2\/media\/169158"}],"wp:attachment":[{"href":"https:\/\/www.caririemacao.com\/1\/wp-json\/wp\/v2\/media?parent=169157"}],"wp:term":[{"taxonomy":"category","embeddable":true,"href":"https:\/\/www.caririemacao.com\/1\/wp-json\/wp\/v2\/categories?post=169157"},{"taxonomy":"post_tag","embeddable":true,"href":"https:\/\/www.caririemacao.com\/1\/wp-json\/wp\/v2\/tags?post=169157"}],"curies":[{"name":"wp","href":"https:\/\/api.w.org\/{rel}","templated":true}]}}