{"id":169163,"date":"2020-05-13T07:22:55","date_gmt":"2020-05-13T10:22:55","guid":{"rendered":"https:\/\/www.caririemacao.com\/1\/?p=169163"},"modified":"2020-05-13T07:22:55","modified_gmt":"2020-05-13T10:22:55","slug":"weintraub-defendeu-a-prisao-de-ministros-do-stf-em-reuniao-citada-por-moro","status":"publish","type":"post","link":"https:\/\/www.caririemacao.com\/1\/2020\/05\/13\/weintraub-defendeu-a-prisao-de-ministros-do-stf-em-reuniao-citada-por-moro\/","title":{"rendered":"Weintraub defendeu a pris\u00e3o de ministros do STF em reuni\u00e3o citada por Moro"},"content":{"rendered":"\n<h2 class=\"wp-block-heading\"><\/h2>\n\n\n\n<p>O v\u00eddeo da reuni\u00e3o ministerial apontando pelo ex-ministro Sergio Moro como a que Jair Bolsonaro teria pressionado por interfer\u00eancia na Pol\u00edcia Federal que foi exibido nesta ter\u00e7a-feira aos investigadores, o tamb\u00e9m ministro Abraham Weintraub, da educa\u00e7\u00e3o, defendeu a pris\u00e3o dos ministros do Supremo Tribunal Federal (STF).<br><br><br><br>De acordo com reportagem do jornal O Globo, relatos de quatro pessoas que assistiram a grava\u00e7\u00e3o da reuni\u00e3o ministerial de 22 de abril, Weintraub afirmou que \u201ctem que mandar todo mundo para a cadeia, come\u00e7ando pelo STF\u201d.<br><br><br><br>O v\u00eddeo tamb\u00e9m teria falas da ministra da Mulher, da Fam\u00edlia, e dos Direitos Humanos, Damares Alves, defendendo a pris\u00e3o de prefeitos e governadores.<\/p>\n","protected":false},"excerpt":{"rendered":"<p>O v\u00eddeo da reuni\u00e3o ministerial apontando pelo ex-ministro Sergio Moro como a que Jair Bolsonaro teria pressionado por interfer\u00eancia na Pol\u00edcia Federal que foi exibido&hellip; <\/p>\n","protected":false},"author":2,"featured_media":169164,"comment_status":"closed","ping_status":"closed","sticky":false,"template":"","format":"standard","meta":{"sfsi_plus_gutenberg_text_before_share":"","sfsi_plus_gutenberg_show_text_before_share":"","sfsi_plus_gutenberg_icon_type":"","sfsi_plus_gutenberg_icon_alignemt":"","sfsi_plus_gutenburg_max_per_row":"","footnotes":""},"categories":[2],"tags":[],"class_list":["post-169163","post","type-post","status-publish","format-standard","has-post-thumbnail","hentry","category-geral"],"_links":{"self":[{"href":"https:\/\/www.caririemacao.com\/1\/wp-json\/wp\/v2\/posts\/169163","targetHints":{"allow":["GET"]}}],"collection":[{"href":"https:\/\/www.caririemacao.com\/1\/wp-json\/wp\/v2\/posts"}],"about":[{"href":"https:\/\/www.caririemacao.com\/1\/wp-json\/wp\/v2\/types\/post"}],"author":[{"embeddable":true,"href":"https:\/\/www.caririemacao.com\/1\/wp-json\/wp\/v2\/users\/2"}],"replies":[{"embeddable":true,"href":"https:\/\/www.caririemacao.com\/1\/wp-json\/wp\/v2\/comments?post=169163"}],"version-history":[{"count":1,"href":"https:\/\/www.caririemacao.com\/1\/wp-json\/wp\/v2\/posts\/169163\/revisions"}],"predecessor-version":[{"id":169165,"href":"https:\/\/www.caririemacao.com\/1\/wp-json\/wp\/v2\/posts\/169163\/revisions\/169165"}],"wp:featuredmedia":[{"embeddable":true,"href":"https:\/\/www.caririemacao.com\/1\/wp-json\/wp\/v2\/media\/169164"}],"wp:attachment":[{"href":"https:\/\/www.caririemacao.com\/1\/wp-json\/wp\/v2\/media?parent=169163"}],"wp:term":[{"taxonomy":"category","embeddable":true,"href":"https:\/\/www.caririemacao.com\/1\/wp-json\/wp\/v2\/categories?post=169163"},{"taxonomy":"post_tag","embeddable":true,"href":"https:\/\/www.caririemacao.com\/1\/wp-json\/wp\/v2\/tags?post=169163"}],"curies":[{"name":"wp","href":"https:\/\/api.w.org\/{rel}","templated":true}]}}