{"id":169167,"date":"2020-05-13T07:29:35","date_gmt":"2020-05-13T10:29:35","guid":{"rendered":"https:\/\/www.caririemacao.com\/1\/?p=169167"},"modified":"2020-05-13T07:29:35","modified_gmt":"2020-05-13T10:29:35","slug":"programa-de-reducao-de-salario-preserva-mais-de-7-milhoes-de-empregos","status":"publish","type":"post","link":"https:\/\/www.caririemacao.com\/1\/2020\/05\/13\/programa-de-reducao-de-salario-preserva-mais-de-7-milhoes-de-empregos\/","title":{"rendered":"Programa de redu\u00e7\u00e3o de sal\u00e1rio preserva mais de 7 milh\u00f5es de empregos"},"content":{"rendered":"\n<h2 class=\"wp-block-heading\"><\/h2>\n\n\n\n<p>O programa de redu\u00e7\u00e3o tempor\u00e1ria de sal\u00e1rios e de suspens\u00e3o de contratos de trabalho durante a pandemia do novo coronav\u00edrus (covid-19) ajudou a preservar 7.206.915 de empregos, divulgou hoje (12) a Secretaria Especial de Previd\u00eancia e Trabalho do Minist\u00e9rio da Economia. Segundo o \u00f3rg\u00e3o, os valores a serem pagos de complementa\u00e7\u00e3o de renda totalizam R$ 12,73 bilh\u00f5es.<\/p>\n\n\n\n<p>Os n\u00fameros referem-se at\u00e9 as 14 h de hoje. Segundo o Minist\u00e9rio da Economia, 569 mil empregadores aderiram ao programa, a maioria empresas de pequeno porte.<\/p>\n\n\n\n<p>Segundo as estat\u00edsticas dispon\u00edveis no site criado pelo minist\u00e9rio para divulgar as informa\u00e7\u00f5es sobre o programa, 52% dos acordos (3.757.862) referem-se a trabalhadores de micro e de pequenas empresas, que faturam at\u00e9 R$ 4,8 milh\u00f5es por ano. As m\u00e9dias e grandes empresas, com faturamento superior a esse valor, respondem por 44% dos acordos (3.143.775). Os empregados dom\u00e9sticos e trabalhadores intermitentes totalizam 4% dos acordos (305.278).<\/p>\n\n\n\n<p>Os acordos de suspens\u00e3o de contratos representam 54,9% do total, o que equivale a 3.956.915 empregos. Em rela\u00e7\u00e3o aos casos de redu\u00e7\u00e3o de jornada, 17,2% dos acordos (1.239.084) estabelecem redu\u00e7\u00e3o de 50% dos sal\u00e1rios com o recebimento de 50% do seguro-desemprego, e 13,4% dos acordos (964.073) foram fechados para reduzir o sal\u00e1rio em 25% com a complementa\u00e7\u00e3o de 25% do seguro-desemprego.<\/p>\n\n\n\n<p>Um total de 12,2% (879.774) dos acordos preveem a redu\u00e7\u00e3o de 70% dos sal\u00e1rios com o pagamento de 70% de seguro-desemprego. Os casos de trabalhadores intermitentes, que recebem R$ 600 por tr\u00eas meses quando o contrato estiver \u201cinativo\u201d, correspondem a 2,3%, o equivalente a 167.069 empregados.<\/p>\n\n\n\n<h2 class=\"wp-block-heading\">Estados<\/h2>\n\n\n\n<p>Segundo as estat\u00edsticas do Minist\u00e9rio da Economia, os estados que registraram o maior n\u00famero de benef\u00edcios emergenciais foram S\u00e3o Paulo (33,3%), Rio de Janeiro (10,1%), Minas Gerais (9,5%), Rio Grande do Sul (5,6%) e Paran\u00e1 (5,4%). A pasta prev\u00ea que o programa preservar\u00e1 at\u00e9 8,5 milh\u00f5es de empregos em todo o pa\u00eds e custar\u00e1 R$ 51,2 bilh\u00f5es nos pr\u00f3ximos tr\u00eas meses.<\/p>\n\n\n\n<p>Equivalente a uma parte do seguro-desemprego a que o trabalhador teria direito se fosse demitido sem justa causa, o benef\u00edcio emergencial (BEm) \u00e9 concedido a trabalhadores que tiverem jornada reduzida ou contrato suspenso, conforme a Medida Provis\u00f3ria 936. Nos acordos individuais, o percentual do seguro-desemprego equivale \u00e0 redu\u00e7\u00e3o salarial proposta pelo empregador. Os trabalhadores intermitentes recebem uma ajuda de R$ 600.<\/p>\n","protected":false},"excerpt":{"rendered":"<p>O programa de redu\u00e7\u00e3o tempor\u00e1ria de sal\u00e1rios e de suspens\u00e3o de contratos de trabalho durante a pandemia do novo coronav\u00edrus (covid-19) ajudou a preservar 7.206.915&hellip; <\/p>\n","protected":false},"author":2,"featured_media":169168,"comment_status":"closed","ping_status":"closed","sticky":false,"template":"","format":"standard","meta":{"sfsi_plus_gutenberg_text_before_share":"","sfsi_plus_gutenberg_show_text_before_share":"","sfsi_plus_gutenberg_icon_type":"","sfsi_plus_gutenberg_icon_alignemt":"","sfsi_plus_gutenburg_max_per_row":"","footnotes":""},"categories":[2],"tags":[],"class_list":["post-169167","post","type-post","status-publish","format-standard","has-post-thumbnail","hentry","category-geral"],"_links":{"self":[{"href":"https:\/\/www.caririemacao.com\/1\/wp-json\/wp\/v2\/posts\/169167","targetHints":{"allow":["GET"]}}],"collection":[{"href":"https:\/\/www.caririemacao.com\/1\/wp-json\/wp\/v2\/posts"}],"about":[{"href":"https:\/\/www.caririemacao.com\/1\/wp-json\/wp\/v2\/types\/post"}],"author":[{"embeddable":true,"href":"https:\/\/www.caririemacao.com\/1\/wp-json\/wp\/v2\/users\/2"}],"replies":[{"embeddable":true,"href":"https:\/\/www.caririemacao.com\/1\/wp-json\/wp\/v2\/comments?post=169167"}],"version-history":[{"count":1,"href":"https:\/\/www.caririemacao.com\/1\/wp-json\/wp\/v2\/posts\/169167\/revisions"}],"predecessor-version":[{"id":169169,"href":"https:\/\/www.caririemacao.com\/1\/wp-json\/wp\/v2\/posts\/169167\/revisions\/169169"}],"wp:featuredmedia":[{"embeddable":true,"href":"https:\/\/www.caririemacao.com\/1\/wp-json\/wp\/v2\/media\/169168"}],"wp:attachment":[{"href":"https:\/\/www.caririemacao.com\/1\/wp-json\/wp\/v2\/media?parent=169167"}],"wp:term":[{"taxonomy":"category","embeddable":true,"href":"https:\/\/www.caririemacao.com\/1\/wp-json\/wp\/v2\/categories?post=169167"},{"taxonomy":"post_tag","embeddable":true,"href":"https:\/\/www.caririemacao.com\/1\/wp-json\/wp\/v2\/tags?post=169167"}],"curies":[{"name":"wp","href":"https:\/\/api.w.org\/{rel}","templated":true}]}}