{"id":169175,"date":"2020-05-13T07:41:24","date_gmt":"2020-05-13T10:41:24","guid":{"rendered":"https:\/\/www.caririemacao.com\/1\/?p=169175"},"modified":"2020-05-13T07:41:24","modified_gmt":"2020-05-13T10:41:24","slug":"campeonato-portugues-recomeca-dia-4-de-junho","status":"publish","type":"post","link":"https:\/\/www.caririemacao.com\/1\/2020\/05\/13\/campeonato-portugues-recomeca-dia-4-de-junho\/","title":{"rendered":"Campeonato Portugu\u00eas recome\u00e7a dia 4 de junho"},"content":{"rendered":"\n<h3 class=\"wp-block-heading\"><\/h3>\n\n\n\n<p><\/p>\n\n\n\n<hr class=\"wp-block-separator\"\/>\n\n\n\n<p>A Liga Portuguesa de futebol anunciou nesta ter\u00e7a (12) a retomada do&nbsp;<strong>Campeonato Portugu\u00eas<\/strong>&nbsp;no dia 4 de junho. A decis\u00e3o pelo rein\u00edcio da competi\u00e7\u00e3o vem ap\u00f3s a libera\u00e7\u00e3o do Governo Portugu\u00eas, que incluiu no seu plano de afrouxamento do isolamento social, divulgado no dia 30 de abril, a permiss\u00e3o para o retorno da primeira divis\u00e3o do futebol, al\u00e9m da Copa de Portugal, a partir do dia 1\u00b0 de junho. O campeonato nacional do pa\u00eds est\u00e1 suspenso desde 12 de mar\u00e7o por causa da pandemia do novo coronav\u00edrus (covid-19).<\/p>\n\n\n\n<p>\u201cAo longo dos \u00faltimos dias, as v\u00e1rias entidades t\u00eam realizado sucessivas reuni\u00f5es de alinhamento para que a retomada possa acontecer em seguran\u00e7a e com todas as medidas de prote\u00e7\u00e3o que mitiguem os riscos do regresso \u00e0 atividade, seguindo-se uma fase de vistorias para avaliar os est\u00e1dios que efetivamente cumprem os requisitos definidos naquele parecer t\u00e9cnico\u201d, diz o comunicado publicado no site da Liga.<\/p>\n\n\n\n<p>O campeonato vai recome\u00e7ar na 25\u00b0 rodada, sem a presen\u00e7a de p\u00fablico. No atual momento o Porto lidera a competi\u00e7\u00e3o com 60 pontos. J\u00e1 Benfica e Sporting Braga seguem na cola do primeiro colocado, com 46 pontos cada. Restam ainda 11 rodadas para saber quem ser\u00e1 o campe\u00e3o portugu\u00eas da temporada 2019\/2020.<\/p>\n","protected":false},"excerpt":{"rendered":"<p>A Liga Portuguesa de futebol anunciou nesta ter\u00e7a (12) a retomada do&nbsp;Campeonato Portugu\u00eas&nbsp;no dia 4 de junho. A decis\u00e3o pelo rein\u00edcio da competi\u00e7\u00e3o vem ap\u00f3s&hellip; <\/p>\n","protected":false},"author":2,"featured_media":169176,"comment_status":"closed","ping_status":"closed","sticky":false,"template":"","format":"standard","meta":{"sfsi_plus_gutenberg_text_before_share":"","sfsi_plus_gutenberg_show_text_before_share":"","sfsi_plus_gutenberg_icon_type":"","sfsi_plus_gutenberg_icon_alignemt":"","sfsi_plus_gutenburg_max_per_row":"","footnotes":""},"categories":[13],"tags":[],"class_list":["post-169175","post","type-post","status-publish","format-standard","has-post-thumbnail","hentry","category-esportes"],"_links":{"self":[{"href":"https:\/\/www.caririemacao.com\/1\/wp-json\/wp\/v2\/posts\/169175","targetHints":{"allow":["GET"]}}],"collection":[{"href":"https:\/\/www.caririemacao.com\/1\/wp-json\/wp\/v2\/posts"}],"about":[{"href":"https:\/\/www.caririemacao.com\/1\/wp-json\/wp\/v2\/types\/post"}],"author":[{"embeddable":true,"href":"https:\/\/www.caririemacao.com\/1\/wp-json\/wp\/v2\/users\/2"}],"replies":[{"embeddable":true,"href":"https:\/\/www.caririemacao.com\/1\/wp-json\/wp\/v2\/comments?post=169175"}],"version-history":[{"count":1,"href":"https:\/\/www.caririemacao.com\/1\/wp-json\/wp\/v2\/posts\/169175\/revisions"}],"predecessor-version":[{"id":169177,"href":"https:\/\/www.caririemacao.com\/1\/wp-json\/wp\/v2\/posts\/169175\/revisions\/169177"}],"wp:featuredmedia":[{"embeddable":true,"href":"https:\/\/www.caririemacao.com\/1\/wp-json\/wp\/v2\/media\/169176"}],"wp:attachment":[{"href":"https:\/\/www.caririemacao.com\/1\/wp-json\/wp\/v2\/media?parent=169175"}],"wp:term":[{"taxonomy":"category","embeddable":true,"href":"https:\/\/www.caririemacao.com\/1\/wp-json\/wp\/v2\/categories?post=169175"},{"taxonomy":"post_tag","embeddable":true,"href":"https:\/\/www.caririemacao.com\/1\/wp-json\/wp\/v2\/tags?post=169175"}],"curies":[{"name":"wp","href":"https:\/\/api.w.org\/{rel}","templated":true}]}}