{"id":169179,"date":"2020-05-13T07:46:27","date_gmt":"2020-05-13T10:46:27","guid":{"rendered":"https:\/\/www.caririemacao.com\/1\/?p=169179"},"modified":"2020-05-13T07:46:27","modified_gmt":"2020-05-13T10:46:27","slug":"fluminense-estuda-medidas-juridicas-em-caso-de-volta-do-campeonato-carioca","status":"publish","type":"post","link":"https:\/\/www.caririemacao.com\/1\/2020\/05\/13\/fluminense-estuda-medidas-juridicas-em-caso-de-volta-do-campeonato-carioca\/","title":{"rendered":"Fluminense estuda medidas jur\u00eddicas em caso de volta do Campeonato Carioca"},"content":{"rendered":"\n<h3 class=\"wp-block-heading\"><\/h3>\n\n\n\n<p><\/p>\n\n\n\n<hr class=\"wp-block-separator\"\/>\n\n\n\n<p>A diretoria do Fluminense n\u00e3o est\u00e1 disposta a ver a bola rolar nos gramados do futebol brasileiro de t\u00e3o cedo. Pelo menos n\u00e3o enquanto a pandemia do coronav\u00edrus for uma amea\u00e7a real a jogadores, \u00e1rbitros e profissionais da comiss\u00e3o t\u00e9cnica. O maior problema, neste sentido, \u00e9 a press\u00e3o que a Federa\u00e7\u00e3o de Futebol do Estado do Rio de Janeiro (Ferj) vem sofrendo por parte do Flamengo e dos clubes de menor investimento.<\/p>\n\n\n\n<p>Justamente por conta desta press\u00e3o que o Fluminense est\u00e1 analisando juridicamente as possibilidades. Existe a preocupa\u00e7\u00e3o de que a Ferj determine o retorno do Campeonato Carioca. O Botafogo, por exemplo, se posicionou que n\u00e3o mandaria o time a campo e perderia os jogos por W.O. J\u00e1 o Tricolor faz a op\u00e7\u00e3o por verificar medidas que possam inclusive impedir a Federa\u00e7\u00e3o de tomar esta decis\u00e3o.<\/p>\n\n\n\n<p>Os dirigentes evitam dar declara\u00e7\u00f5es sobre o tema. A ideia \u00e9 n\u00e3o antecipar um poss\u00edvel atrito e buscar respaldo jur\u00eddico para as decis\u00f5es que o clube entender que devem ser adotadas.<\/p>\n\n\n\n<p>O elenco do Fluminense, que ganhou f\u00e9rias em abril, voltou aos trabalhos no dia 1\u00ba de maio. Por\u00e9m, os jogadores seguem com uma rotina de treinamentos individual, cada um em sua resid\u00eancia. Todos devem respeitar o programa de atividades repassado pela comiss\u00e3o t\u00e9cnica.<\/p>\n","protected":false},"excerpt":{"rendered":"<p>A diretoria do Fluminense n\u00e3o est\u00e1 disposta a ver a bola rolar nos gramados do futebol brasileiro de t\u00e3o cedo. Pelo menos n\u00e3o enquanto a&hellip; <\/p>\n","protected":false},"author":2,"featured_media":169180,"comment_status":"closed","ping_status":"closed","sticky":false,"template":"","format":"standard","meta":{"sfsi_plus_gutenberg_text_before_share":"","sfsi_plus_gutenberg_show_text_before_share":"","sfsi_plus_gutenberg_icon_type":"","sfsi_plus_gutenberg_icon_alignemt":"","sfsi_plus_gutenburg_max_per_row":"","footnotes":""},"categories":[2],"tags":[],"class_list":["post-169179","post","type-post","status-publish","format-standard","has-post-thumbnail","hentry","category-geral"],"_links":{"self":[{"href":"https:\/\/www.caririemacao.com\/1\/wp-json\/wp\/v2\/posts\/169179","targetHints":{"allow":["GET"]}}],"collection":[{"href":"https:\/\/www.caririemacao.com\/1\/wp-json\/wp\/v2\/posts"}],"about":[{"href":"https:\/\/www.caririemacao.com\/1\/wp-json\/wp\/v2\/types\/post"}],"author":[{"embeddable":true,"href":"https:\/\/www.caririemacao.com\/1\/wp-json\/wp\/v2\/users\/2"}],"replies":[{"embeddable":true,"href":"https:\/\/www.caririemacao.com\/1\/wp-json\/wp\/v2\/comments?post=169179"}],"version-history":[{"count":1,"href":"https:\/\/www.caririemacao.com\/1\/wp-json\/wp\/v2\/posts\/169179\/revisions"}],"predecessor-version":[{"id":169181,"href":"https:\/\/www.caririemacao.com\/1\/wp-json\/wp\/v2\/posts\/169179\/revisions\/169181"}],"wp:featuredmedia":[{"embeddable":true,"href":"https:\/\/www.caririemacao.com\/1\/wp-json\/wp\/v2\/media\/169180"}],"wp:attachment":[{"href":"https:\/\/www.caririemacao.com\/1\/wp-json\/wp\/v2\/media?parent=169179"}],"wp:term":[{"taxonomy":"category","embeddable":true,"href":"https:\/\/www.caririemacao.com\/1\/wp-json\/wp\/v2\/categories?post=169179"},{"taxonomy":"post_tag","embeddable":true,"href":"https:\/\/www.caririemacao.com\/1\/wp-json\/wp\/v2\/tags?post=169179"}],"curies":[{"name":"wp","href":"https:\/\/api.w.org\/{rel}","templated":true}]}}