{"id":16919,"date":"2017-03-31T17:32:19","date_gmt":"2017-03-31T20:32:19","guid":{"rendered":"http:\/\/caririemacao.com\/1\/?p=16919"},"modified":"2017-03-31T17:32:19","modified_gmt":"2017-03-31T20:32:19","slug":"prefeito-eden-duarte-inaugura-sala-de-atendimento-educacional-especializado-na-escola-zelia-braz","status":"publish","type":"post","link":"https:\/\/www.caririemacao.com\/1\/2017\/03\/31\/prefeito-eden-duarte-inaugura-sala-de-atendimento-educacional-especializado-na-escola-zelia-braz\/","title":{"rendered":"Prefeito \u00c9den Duarte inaugura Sala de Atendimento Educacional Especializado na Escola Z\u00e9lia Braz"},"content":{"rendered":"<p>O prefeito \u00c9den Duarte inaugurou na manh\u00e3 desta sexta-feira (31\/03) uma Sala de Atendimento Educacional Especializado (AEE) na Escola Z\u00e9lia Braz.<\/p>\n<p>A entrega da sala faz parte da programa\u00e7\u00e3o do anivers\u00e1rio da cidade que tem diversas atividades que acontecem nesta sexta e s\u00e1bado, dia 1\u00ba.<\/p>\n<p>A entrega da sala \u00e9 fruto de projeto inserido no plano de governo do prefeito \u00c9den para apoiar o desenvolvimento dos alunos com necessidades especiais ao longo do processo de escolariza\u00e7\u00e3o.<\/p>\n<p>De acordo com \u00c9den, a sala assegura a educa\u00e7\u00e3o inclusiva, d\u00e1 oportunidade \u00e0s crian\u00e7as especiais frequentar uma escola comum e ao mesmo tempo ser atendida de acordo com as suas necessidades no momento do aprendizado. \u201cPrecisamos assegurar a essas crian\u00e7as e a essas fam\u00edlias o direito \u00e0 educa\u00e7\u00e3o, de forma que favore\u00e7a o seu desenvolvimento e as ajudem a superar barreiras\u201d, disse o prefeito.<\/p>\n<p>A Sala de AEE ir\u00e1 atender cerca de 20 alunos com material did\u00e1tico pedag\u00f3gico adequado \u00e0 capacidade de agir de cada um. Ser\u00e3o acompanhados por uma professora e uma auxiliar de sala.<\/p>\n<p>\u00c9den afirmou que o objetivo de sua gest\u00e3o \u00e9 fazer sempre mais pela Educa\u00e7\u00e3o. Na ocasi\u00e3o, ele anunciou a constru\u00e7\u00e3o do Centro de Forma\u00e7\u00e3o de Professores que ser\u00e1 erguido nas imedia\u00e7\u00f5es da Escola Z\u00e9lia Braz e da quadra esportiva constru\u00edda ao lado da escola, quase conclu\u00edda.<\/p>\n<p>Participaram da solenidade o secret\u00e1rio da Educa\u00e7\u00e3o Odilon Ara\u00fajo, a secret\u00e1ria da Assist\u00eancia Social, Tanniery L\u00eala, da Sa\u00fade Alessandra Regina, alunos, diretores, professores e funcion\u00e1rios.<\/p>\n<p>A programa\u00e7\u00e3o do anivers\u00e1rio da cidade prossegue nesta sexta-feira (31\/03) com corrida de rua, apresenta\u00e7\u00e3o de grupo de dan\u00e7a, bandas filarm\u00f4nicas e shows na Pra\u00e7a Jos\u00e9 Am\u00e9rico com Os Caretas e Mercinho Voz e Viol\u00e3o.<\/p>\n<p>No s\u00e1bado, dia 1\u00ba, acontece o hasteamento das bandeiras \u00e0s 07h, em seguida passeio cicl\u00edstico, entrega da reforma da Unidade de Sa\u00fade Nilo Feitosa e do cal\u00e7amento da Rua Jo\u00e3o Cassimiro.<\/p>\n<p>\u00c0 tarde haver\u00e1 torneios de futsal e de futebol de campo e \u00e0 noite, a partir das 19h, apresenta\u00e7\u00e3o do document\u00e1rio \u201cSum\u00e9-Personagens de sua hist\u00f3ria\u201d, logo ap\u00f3s shows com Vini Santos, Banda Smart e Forr\u00f3 Kent.<\/p>\n<p style=\"background: white;\"><strong><span style=\"font-family: 'Georgia','serif'; color: #333333;\">CARIRI EM A\u00c7\u00c3O<\/span><\/strong><\/p>\n<p style=\"background: white;\"><span style=\"font-family: 'Georgia','serif'; color: #333333;\">Com Ascom\/Foto:Reprodu\u00e7\u00e3o\u00a0<\/span><\/p>\n<p style=\"background: white;\"><strong><span style=\"font-family: 'Georgia','serif'; color: #333333;\">Leia mais not\u00edcias em\u00a0<\/span><\/strong><a href=\"http:\/\/www.caririemacao.com\/\"><b><span style=\"font-family: 'Georgia','serif';\">caririemacao.com<\/span><\/b><\/a><strong><span style=\"font-family: 'Georgia','serif'; color: #333333;\">, siga nossa p\u00e1gina no<\/span><\/strong><a href=\"https:\/\/www.facebook.com\/CaririEmAcao\/\"><b><span style=\"font-family: 'Georgia','serif';\">\u00a0Facebook<\/span><\/b><\/a><strong><span style=\"font-family: 'Georgia','serif'; color: #333333;\">\u00a0e\u00a0<a href=\"https:\/\/www.instagram.com\/cariri_em_acao\/?hl=pt-br\">Instagram<\/a>\u00a0veja nossas mat\u00e9rias e fotos. Voc\u00ea tamb\u00e9m pode enviar informa\u00e7\u00f5es \u00e0 Reda\u00e7\u00e3o do Portal Cariri em A\u00e7\u00e3o pelo WhatsApp (83) 9 9634.5791, (83) 9 9601-1162 ou (83) 9 994189.<\/span><\/strong><\/p>\n","protected":false},"excerpt":{"rendered":"<p>O prefeito \u00c9den Duarte inaugurou na manh\u00e3 desta sexta-feira (31\/03) uma Sala de Atendimento Educacional Especializado (AEE) na Escola Z\u00e9lia Braz. A entrega da sala&hellip; <\/p>\n","protected":false},"author":2,"featured_media":16920,"comment_status":"closed","ping_status":"closed","sticky":false,"template":"","format":"standard","meta":{"sfsi_plus_gutenberg_text_before_share":"","sfsi_plus_gutenberg_show_text_before_share":"","sfsi_plus_gutenberg_icon_type":"","sfsi_plus_gutenberg_icon_alignemt":"","sfsi_plus_gutenburg_max_per_row":"","footnotes":""},"categories":[2],"tags":[],"class_list":["post-16919","post","type-post","status-publish","format-standard","has-post-thumbnail","hentry","category-geral"],"_links":{"self":[{"href":"https:\/\/www.caririemacao.com\/1\/wp-json\/wp\/v2\/posts\/16919","targetHints":{"allow":["GET"]}}],"collection":[{"href":"https:\/\/www.caririemacao.com\/1\/wp-json\/wp\/v2\/posts"}],"about":[{"href":"https:\/\/www.caririemacao.com\/1\/wp-json\/wp\/v2\/types\/post"}],"author":[{"embeddable":true,"href":"https:\/\/www.caririemacao.com\/1\/wp-json\/wp\/v2\/users\/2"}],"replies":[{"embeddable":true,"href":"https:\/\/www.caririemacao.com\/1\/wp-json\/wp\/v2\/comments?post=16919"}],"version-history":[{"count":0,"href":"https:\/\/www.caririemacao.com\/1\/wp-json\/wp\/v2\/posts\/16919\/revisions"}],"wp:featuredmedia":[{"embeddable":true,"href":"https:\/\/www.caririemacao.com\/1\/wp-json\/wp\/v2\/media\/16920"}],"wp:attachment":[{"href":"https:\/\/www.caririemacao.com\/1\/wp-json\/wp\/v2\/media?parent=16919"}],"wp:term":[{"taxonomy":"category","embeddable":true,"href":"https:\/\/www.caririemacao.com\/1\/wp-json\/wp\/v2\/categories?post=16919"},{"taxonomy":"post_tag","embeddable":true,"href":"https:\/\/www.caririemacao.com\/1\/wp-json\/wp\/v2\/tags?post=16919"}],"curies":[{"name":"wp","href":"https:\/\/api.w.org\/{rel}","templated":true}]}}