{"id":169195,"date":"2020-05-13T08:10:48","date_gmt":"2020-05-13T11:10:48","guid":{"rendered":"https:\/\/www.caririemacao.com\/1\/?p=169195"},"modified":"2020-05-13T08:10:48","modified_gmt":"2020-05-13T11:10:48","slug":"dolar-bate-recorde-com-tensoes-no-brasil-e-no-exterior","status":"publish","type":"post","link":"https:\/\/www.caririemacao.com\/1\/2020\/05\/13\/dolar-bate-recorde-com-tensoes-no-brasil-e-no-exterior\/","title":{"rendered":"D\u00f3lar bate recorde com tens\u00f5es no Brasil e no exterior"},"content":{"rendered":"\n<h2 class=\"wp-block-heading\"><\/h2>\n\n\n\n<p>Em meio a tens\u00f5es no Brasil e no exterior, o d\u00f3lar aproximou-se de R$ 5,90 e voltou a bater recorde. O d\u00f3lar comercial encerrou esta&nbsp;ter\u00e7a-feira (12) vendido a R$ 5,866, com alta de R$ 0,042 (+0,71%). Este \u00e9 o maior valor nominal (sem considerar a infla\u00e7\u00e3o) desde a cria\u00e7\u00e3o do real.<\/p>\n\n\n\n<p>O euro comercial fechou a R$ 6,37, com alta de 1,26%. A libra comercial encerrou o dia vendida a R$ 7,22, com alta de 0,54%.<\/p>\n\n\n\n<p>O d\u00f3lar estava em queda at\u00e9 pouco antes das 15h, quando se encerrou a exibi\u00e7\u00e3o, na sede da Pol\u00edcia Federal, do v\u00eddeo de uma reuni\u00e3o ministerial realizada no fim&nbsp;de abril. O v\u00eddeo \u00e9 parte do&nbsp;inqu\u00e9rito que investiga declara\u00e7\u00f5es do ex-ministro da Justi\u00e7a e Seguran\u00e7a P\u00fablica Sergio Moro. Na m\u00e1xima do dia, por volta das 16h, encostou em R$ 5,89. A divisa acumula alta de 46,17% em 2020.<\/p>\n\n\n\n<p>O Banco Central (BC) interferiu pouco no mercado. A autoridade monet\u00e1ria fez um leil\u00e3o de contratos novos de cerca de US$ 500 milh\u00f5es de&nbsp;<em>swap&nbsp;<\/em>cambial \u2013 que equivalem \u00e0 venda de d\u00f3lares no mercado futuro.<\/p>\n\n\n\n<p>Nos \u00faltimos dias, os investidores t\u00eam repercutido a decis\u00e3o do Comit\u00ea de Pol\u00edtica Monet\u00e1ria (Copom) do Banco Central de reduzir a Selic (taxa b\u00e1sica de juros) para 3% ao ano. Al\u00e9m de reduzir a taxa al\u00e9m do estimado, o BC indicou que pretende promover novo corte de at\u00e9 0,75 ponto percentual em junho, o que poderia levar a Selic para 2,25% ao ano.<\/p>\n\n\n\n<p>Juros mais baixos tornam menos atrativos os investimentos em pa\u00edses emergentes, como o Brasil, estimulando a retirada de capitais estrangeiros. As tens\u00f5es pol\u00edticas internas tamb\u00e9m interferiram no mercado. Al\u00e9m da exibi\u00e7\u00e3o do v\u00eddeo da reuni\u00e3o ministerial, os investidores est\u00e3o atentos \u00e0s negocia\u00e7\u00f5es para o veto a artigos da lei de ajuda a estados e munic\u00edpios que exclui categorias de servidores do congelamento salarial por 18 meses.<\/p>\n\n\n\n<h2 class=\"wp-block-heading\">Mercado de a\u00e7\u00f5es<\/h2>\n\n\n\n<p>O dia foi marcado por perdas no mercado de a\u00e7\u00f5es. O \u00edndice Ibovespa, da B3 (bolsa de valores brasileira), fechou esta ter\u00e7a-feira aos 77.872 pontos, com queda de 1,51%. O indicador estava em alta at\u00e9 por volta das 15h, mas passou a operar em queda nas horas finais de negocia\u00e7\u00e3o. O Ibovespa fechou no menor n\u00edvel desde&nbsp;24 de abril.<\/p>\n\n\n\n<p>Al\u00e9m das tens\u00f5es pol\u00edticas no Brasil, o Ibovespa foi afetado pelo mercado externo. Influenciado pelo aumento de casos de coronav\u00edrus em pa\u00edses que relaxaram as restri\u00e7\u00f5es sociais, como a Alemanha e a Coreia do Sul, o \u00edndice Dow Jones, da Bolsa de Nova York, encerrou o dia com perda de 1,89%.<\/p>\n\n\n\n<p>A bolsa norte-americana tamb\u00e9m foi afetada pelo aumento nas tens\u00f5es comerciais entre Estados Unidos e China, depois que um grupo de senadores norte-americanos apresentou um projeto de lei com san\u00e7\u00f5es comerciais contra o pa\u00eds asi\u00e1tico.<\/p>\n\n\n\n<p>H\u00e1 v\u00e1rias semanas, mercados financeiros em todo o planeta atravessam um per\u00edodo de nervosismo por causa da recess\u00e3o global provocada pelo agravamento da pandemia do novo coronav\u00edrus. Nos \u00faltimos dias, os investimentos t\u00eam oscilado entre poss\u00edveis ganhos com o relaxamento de restri\u00e7\u00f5es em v\u00e1rios pa\u00edses da Europa e em regi\u00f5es dos Estados Unidos e contratempos o combate \u00e0 doen\u00e7a.<\/p>\n","protected":false},"excerpt":{"rendered":"<p>Em meio a tens\u00f5es no Brasil e no exterior, o d\u00f3lar aproximou-se de R$ 5,90 e voltou a bater recorde. O d\u00f3lar comercial encerrou esta&nbsp;ter\u00e7a-feira&hellip; <\/p>\n","protected":false},"author":2,"featured_media":161026,"comment_status":"closed","ping_status":"closed","sticky":false,"template":"","format":"standard","meta":{"sfsi_plus_gutenberg_text_before_share":"","sfsi_plus_gutenberg_show_text_before_share":"","sfsi_plus_gutenberg_icon_type":"","sfsi_plus_gutenberg_icon_alignemt":"","sfsi_plus_gutenburg_max_per_row":"","footnotes":""},"categories":[2],"tags":[],"class_list":["post-169195","post","type-post","status-publish","format-standard","has-post-thumbnail","hentry","category-geral"],"_links":{"self":[{"href":"https:\/\/www.caririemacao.com\/1\/wp-json\/wp\/v2\/posts\/169195","targetHints":{"allow":["GET"]}}],"collection":[{"href":"https:\/\/www.caririemacao.com\/1\/wp-json\/wp\/v2\/posts"}],"about":[{"href":"https:\/\/www.caririemacao.com\/1\/wp-json\/wp\/v2\/types\/post"}],"author":[{"embeddable":true,"href":"https:\/\/www.caririemacao.com\/1\/wp-json\/wp\/v2\/users\/2"}],"replies":[{"embeddable":true,"href":"https:\/\/www.caririemacao.com\/1\/wp-json\/wp\/v2\/comments?post=169195"}],"version-history":[{"count":1,"href":"https:\/\/www.caririemacao.com\/1\/wp-json\/wp\/v2\/posts\/169195\/revisions"}],"predecessor-version":[{"id":169196,"href":"https:\/\/www.caririemacao.com\/1\/wp-json\/wp\/v2\/posts\/169195\/revisions\/169196"}],"wp:featuredmedia":[{"embeddable":true,"href":"https:\/\/www.caririemacao.com\/1\/wp-json\/wp\/v2\/media\/161026"}],"wp:attachment":[{"href":"https:\/\/www.caririemacao.com\/1\/wp-json\/wp\/v2\/media?parent=169195"}],"wp:term":[{"taxonomy":"category","embeddable":true,"href":"https:\/\/www.caririemacao.com\/1\/wp-json\/wp\/v2\/categories?post=169195"},{"taxonomy":"post_tag","embeddable":true,"href":"https:\/\/www.caririemacao.com\/1\/wp-json\/wp\/v2\/tags?post=169195"}],"curies":[{"name":"wp","href":"https:\/\/api.w.org\/{rel}","templated":true}]}}